{"id":8583,"date":"2025-09-11T11:37:40","date_gmt":"2025-09-11T11:37:40","guid":{"rendered":"https:\/\/krankenhauspfarramt.de\/index.php\/2025\/09\/11\/auslandsbischof-erinnert-an-inhaftierte-buergerrechtlerin-kolesnikowa-ekd\/"},"modified":"2025-09-11T11:37:41","modified_gmt":"2025-09-11T11:37:41","slug":"auslandsbischof-erinnert-an-inhaftierte-buergerrechtlerin-kolesnikowa-ekd","status":"publish","type":"post","link":"https:\/\/krankenhauspfarramt.de\/index.php\/2025\/09\/11\/auslandsbischof-erinnert-an-inhaftierte-buergerrechtlerin-kolesnikowa-ekd\/","title":{"rendered":"Auslandsbischof erinnert an inhaftierte B\u00fcrgerrechtlerin Kolesnikowa \u2013 EKD"},"content":{"rendered":"<p> <br \/>\n<\/p>\n<div id=\"\">\n        <!-- RSPEAK_START --><\/p>\n<header class=\"large-10 columns article--header\">\n<div class=\"article--meta article--meta__border clearfix\">\n<p>                                    <time datetime=\"07.09.2025 11:00\" class=\"article--time\">07.09.2025<\/time><\/p>\n<p>                                    <strong class=\"article--type primus--overline\">News<\/strong><\/p>\n<picture class=\"article--source-image image\"><source srcset=\"https:\/\/www.ekd.de\/ekd_de\/ds_img\/assets\/20170329_epd-Quellenlogo_141.png\"><!--<source srcset=\"https:\/\/www.ekd.de\/ekd_de\/ds_img\/assets\/20170329_epd-Quellenlogo_141.png 1x, https:\/\/www.ekd.de\/ekd_de\/ds_img\/assets\/20170329_epd-Quellenlogo_141.png 2x, https:\/\/www.ekd.de\/ekd_de\/ds_img\/assets\/20170329_epd-Quellenlogo_141.png 3x\">--><\/p>\n<p>    <\/source><\/picture>\n<\/p><\/div>\n<\/header>\n<div class=\"large-8 columns large-offset-1 \">\n<p>Hannover (epd). F\u00fcnf Jahre nach der Inhaftierung von Maria Kolesnikowa hat der Auslandsbischof der Evangelischen Kirche in Deutschland (EKD), Frank Kopania, an die belarussische B\u00fcrgerrechtlerin und Musikp\u00e4dagogin erinnert. \u201eDas Schicksal von Maria Kolesnikowa geht uns alle an\u201c, sagte er am Sonntag in Hannover. Kopania forderte die Freilassung aller politischen Gefangenen in Belarus.<\/p>\n<p>Maria Kolesnikowa wurde den Angaben zufolge am 7. September 2020 inhaftiert. Sie hatte an der Spitze der Protestbewegung gegen die F\u00e4lschung der Pr\u00e4sidentschaftswahlen im August 2020 gestanden. Laut EKD wurde sie in einem Willk\u00fcrprozess zu elf Jahren Lagerhaft verurteilt.<\/p>\n<p>\u201eDie furchtbaren Haftbedingungen, unter denen Maria Kolesnikowa und viele andere seit Jahren ausharren m\u00fcssen, sind kaum vorstellbar\u201c, sagte Kopania. Sie sei jedoch eine Frau mit einer au\u00dfergew\u00f6hnlichen Kraft. \u201eUnd so hoffen und beten wir, dass sie diesen Lebensmut nicht verliert &#8211; und Gott sie bewahrt in aller Not und Einsamkeit im Gef\u00e4ngnis.\u201c Die Welt brauche Menschen wie sie, die mutig einstehen f\u00fcr Gerechtigkeit, Wahrhaftigkeit und Freiheit.<\/p>\n<p>Kolesnikowa wurde in Deutschland mehrfach f\u00fcr ihr Engagement ausgezeichnet. Unter anderem 2022 mit dem Aachener Karlspreis. Sie ist nach EKD-Angaben eine von mehr als 1.200 politischen Gefangenen, die das belarussische Regime von Alexander Lukaschenko derzeit unter brutalen Haftbedingungen festh\u00e4lt. Viele von ihnen seien zu langen Strafen von bis zu 18 Jahren verurteilt worden. Einige, darunter Kolesnikowa, seien in Einzelhaft isoliert.<\/p>\n<p>Die EKD macht demzufolge seit 2020 mit der Website www.100xSolidaritaet.de auf die Gefangenen aufmerksam. Gleichzeitig bestehe die M\u00f6glichkeit, Briefe an die Inhaftierten zu schicken. Auch politische Gefangene in Russland k\u00f6nnten \u00fcber die Seite www.gefangen-in-russland.de unterst\u00fctzt werden.<\/p>\n<\/p><\/div>\n<p>        <!-- RSPEAK_STOP --><\/p>\n<footer class=\"article--footer\">\n<\/footer><\/div>\n","protected":false},"excerpt":{"rendered":"<p>07.09.2025 News Hannover (epd). F\u00fcnf Jahre nach der Inhaftierung von Maria Kolesnikowa hat der Auslandsbischof der Evangelischen Kirche in Deutschland<\/p>\n","protected":false},"author":2,"featured_media":8584,"comment_status":"closed","ping_status":"closed","sticky":false,"template":"","format":"standard","meta":{"footnotes":""},"categories":[20],"tags":[],"_links":{"self":[{"href":"https:\/\/krankenhauspfarramt.de\/index.php\/wp-json\/wp\/v2\/posts\/8583"}],"collection":[{"href":"https:\/\/krankenhauspfarramt.de\/index.php\/wp-json\/wp\/v2\/posts"}],"about":[{"href":"https:\/\/krankenhauspfarramt.de\/index.php\/wp-json\/wp\/v2\/types\/post"}],"author":[{"embeddable":true,"href":"https:\/\/krankenhauspfarramt.de\/index.php\/wp-json\/wp\/v2\/users\/2"}],"replies":[{"embeddable":true,"href":"https:\/\/krankenhauspfarramt.de\/index.php\/wp-json\/wp\/v2\/comments?post=8583"}],"version-history":[{"count":1,"href":"https:\/\/krankenhauspfarramt.de\/index.php\/wp-json\/wp\/v2\/posts\/8583\/revisions"}],"predecessor-version":[{"id":8585,"href":"https:\/\/krankenhauspfarramt.de\/index.php\/wp-json\/wp\/v2\/posts\/8583\/revisions\/8585"}],"wp:featuredmedia":[{"embeddable":true,"href":"https:\/\/krankenhauspfarramt.de\/index.php\/wp-json\/wp\/v2\/media\/8584"}],"wp:attachment":[{"href":"https:\/\/krankenhauspfarramt.de\/index.php\/wp-json\/wp\/v2\/media?parent=8583"}],"wp:term":[{"taxonomy":"category","embeddable":true,"href":"https:\/\/krankenhauspfarramt.de\/index.php\/wp-json\/wp\/v2\/categories?post=8583"},{"taxonomy":"post_tag","embeddable":true,"href":"https:\/\/krankenhauspfarramt.de\/index.php\/wp-json\/wp\/v2\/tags?post=8583"}],"curies":[{"name":"wp","href":"https:\/\/api.w.org\/{rel}","templated":true}]}}