{"id":8586,"date":"2025-09-11T11:56:07","date_gmt":"2025-09-11T11:56:07","guid":{"rendered":"https:\/\/krankenhauspfarramt.de\/index.php\/2025\/09\/11\/wir-haben-die-aufgabe-um-positionen-zu-ringen-ekd\/"},"modified":"2025-09-11T11:56:08","modified_gmt":"2025-09-11T11:56:08","slug":"wir-haben-die-aufgabe-um-positionen-zu-ringen-ekd","status":"publish","type":"post","link":"https:\/\/krankenhauspfarramt.de\/index.php\/2025\/09\/11\/wir-haben-die-aufgabe-um-positionen-zu-ringen-ekd\/","title":{"rendered":"\u201eWir haben die Aufgabe, um Positionen zu ringen\u201c \u2013 EKD"},"content":{"rendered":"<p> <br \/>\n<\/p>\n<div id=\"\">\n<div class=\"article--meta article--meta__border clearfix\">\n<p>                                    <time datetime=\"11.09.2025 10:30\" class=\"article--time\">11.09.2025<\/time><\/p>\n<p>                                     <strong class=\"article--type primus--overline\">Pressemitteilung<\/strong><\/p>\n<picture class=\"article--source-image image\"><source srcset=\"https:\/\/www.ekd.de\/ekd_de\/ds_img\/assets\/20170622_ekd-Quellenlogo_141_rdax_423x118.png\"><!--<source srcset=\"\/ekd_de\/ds_img\/assets\/20170622_ekd-Quellenlogo_141_rdax_141x39.png 1x, \/ekd_de\/ds_img\/assets\/20170622_ekd-Quellenlogo_141_rdax_282x78.png 2x, https:\/\/www.ekd.de\/ekd_de\/ds_img\/assets\/20170622_ekd-Quellenlogo_141_rdax_423x118.png 3x\">--><\/p>\n<p>    <\/source><\/picture>\n<\/p><\/div><\/div>\n<div id=\"\">\n<p>Die Ratsvorsitzende der EKD, Bisch\u00f6fin Kirsten Fehrs, und der evangelische Milit\u00e4rbischof Bernhard Felmberg haben die neue friedensethische Denkschrift der EKD als eine Hilfe zur Sprachf\u00e4higkeit und Verst\u00e4ndigung beschrieben. \u201eWenn der Text dazu beitr\u00e4gt, dass sich Menschen differenziert und kundig mit dem Thema Friedensethik neu befassen und herauskommen aus polemischen Zuschreibungen anderer Positionen als der eigenen, dann haben wir viel erreicht\u201c, sagt Fehrs in der ersten Folge des neuen EKD-Podcasts \u201eFrieden denken\u201c, der die Ver\u00f6ffentlichung der Denkschrift \u201eWelt in Unordnung \u2013 Gerechter Friede im Blick\u201c am 10. November vorbereiten und begleiten soll.<\/p>\n<p>Fehrs und Felmberg sind selbst unterschiedlich gepr\u00e4gt, wie sie im Podcast ausf\u00fchren. Fehrs wuchs mit zwei kriegsversehrten Eltern auf, was einen \u201eGrundimpuls f\u00fcr Pazifismus\u201c in ihr ausgel\u00f6st habe und zum Theologiestudium f\u00fchrte: \u201eDer Gewaltverzicht Jesu als Grundlage unseres Glaubens war f\u00fcr mich ein friedensethischer Impuls.\u201c Felmberg verbrachte seine Kindheit in Westberlin, wurde dort zwischen Ruinen gro\u00df und erlebte eindr\u00fccklich, dass Freiheit gesichert werden muss: \u201eWenn rund um die Mauern der Stadt, in der du aufw\u00e4chst, 600.000 Russen stationiert sind, dann ist klar, wie wichtig es ist, dass Freiheit und die Demokratie, die erstmals in Deutschland eine Chance bekommen hatte, auch verteidigt werden.\u201c<\/p>\n<p>Im Leitbild des Gerechten Friedens, das im Zentrum der neuen Denkschrift steht, finden beide Geistliche zusammen: \u201eDer Begriff des Gerechten Friedens\u201c, sagt Felmberg, \u201eleuchtet heute nach dem Angriff Russlands auf die Ukraine noch viel strahlender als vor Jahren.\u201c Fehrs bekr\u00e4ftigt: \u201eDie Jahre seit 2022 haben deutlich gemacht, dass eine pazifistische Haltung ohne Einbeziehung rechtserhaltender Gewalt im \u00e4u\u00dfersten Fall den Schutz des Lebens nicht mehr gew\u00e4hrleisten kann.\u201c Die vier Dimensionen des Gerechten Friedens \u2013 nun pr\u00e4zisiert als Schutz vor Gewalt, F\u00f6rderung von Freiheit, Abbau von Ungleichheiten und Umgang mit friedensf\u00f6rdernder Pluralit\u00e4t \u2013 d\u00fcrfen im Interesse eines wirklich gerechten, nachhaltigen Friedens nicht auseinanderbrechen. Dem Schutz vor Gewalt allerdings m\u00fcsse dabei \u201eein relatives Pr\u00e4\u201c zukommen. Diese Pr\u00e4zisierung sei eine der Akzentverschiebungen gegen\u00fcber der letzten EKD-Friedensdenkschrift von 2007 \u201eAus Gottes Frieden leben \u2013 f\u00fcr gerechten Frieden sorgen\u201c.<\/p>\n<\/div>\n<div id=\"\">\n    <!-- Test for teaser --><br \/>\n    <!--Val: 1 --><\/p>\n<p>                    \t    <!-- SRC:  --><\/p>\n<aside class=\"article--aside quintus teaser teaser__related rs_skip rs_preserve\">\n<div class=\"teaser--article teaser--content\">\n<figure class=\"teaser--image\">\n                                                    <picture><source media=\"(max-width:935px)\" srcset=\"https:\/\/www.ekd.de\/ekd_de\/ds_img\/assets_1875_x\/20190101_Jahreslosung_EKD_1875_rdax_625x352_60p.jpg 1x, https:\/\/www.ekd.de\/ekd_de\/ds_img\/assets_1875_x\/20190101_Jahreslosung_EKD_1875_rdax_1250x704_60p.jpg 2x, https:\/\/www.ekd.de\/ekd_de\/ds_img\/assets_1875_x\/20190101_Jahreslosung_EKD_1875_rdax_60p.jpg 3x\"><source media=\"(min-width:934px)\" srcset=\"https:\/\/www.ekd.de\/ekd_de\/ds_img\/assets_1875_x\/20190101_Jahreslosung_EKD_1875_rdax_360x203_70p.jpg 1x, https:\/\/www.ekd.de\/ekd_de\/ds_img\/assets_1875_x\/20190101_Jahreslosung_EKD_1875_rdax_720x406_70p.jpg 2x, https:\/\/www.ekd.de\/ekd_de\/ds_img\/assets_1875_x\/20190101_Jahreslosung_EKD_1875_rdax_1080x608_70p.jpg 3x\"><img decoding=\"async\" src=\"https:\/\/www.ekd.de\/ekd_de\/ds_img\/assets_1875_x\/20190101_Jahreslosung_EKD_1875_rdax_625x352_60p.jpg\" alt=\"Jahreslosung 2019: Suche den Frieden und jage ihm nach\"\/><br \/>\n                                                    <\/source><\/source><\/picture><figcaption\/>\n                                                <\/figure>\n<p class=\"quintus--text teaser--text\">Auf dieser Seite finden Sie Impulse zur (kirchlichen) Friedensarbeit, Gedanken zu Bibeltexten, kurze Videos von Menschen, die sich f\u00fcr den Frieden engagieren, Links zu Projekten und Organisationen der Friedensarbeit und Vieles mehr.<\/p>\n<\/p><\/div>\n<\/aside>\n<div class=\"article--content\">\n<p>Der Podcast \u201eFrieden denken\u201c ist unter www.ekd.de\/podcast-frieden und auf allen g\u00e4ngigen Audioportalen zu h\u00f6ren. Alle zwei Wochen erscheint eine neue Episode mit friedensethischen Expert*innen.<\/p>\n<p>Hannover, 11. September 2025<\/p>\n<p>Pressestelle der EKD<br \/>Carsten Splitt<\/p>\n<\/p><\/div>\n<\/div>\n","protected":false},"excerpt":{"rendered":"<p>11.09.2025 Pressemitteilung Die Ratsvorsitzende der EKD, Bisch\u00f6fin Kirsten Fehrs, und der evangelische Milit\u00e4rbischof Bernhard Felmberg haben die neue friedensethische Denkschrift<\/p>\n","protected":false},"author":2,"featured_media":8587,"comment_status":"closed","ping_status":"closed","sticky":false,"template":"","format":"standard","meta":{"footnotes":""},"categories":[20],"tags":[],"_links":{"self":[{"href":"https:\/\/krankenhauspfarramt.de\/index.php\/wp-json\/wp\/v2\/posts\/8586"}],"collection":[{"href":"https:\/\/krankenhauspfarramt.de\/index.php\/wp-json\/wp\/v2\/posts"}],"about":[{"href":"https:\/\/krankenhauspfarramt.de\/index.php\/wp-json\/wp\/v2\/types\/post"}],"author":[{"embeddable":true,"href":"https:\/\/krankenhauspfarramt.de\/index.php\/wp-json\/wp\/v2\/users\/2"}],"replies":[{"embeddable":true,"href":"https:\/\/krankenhauspfarramt.de\/index.php\/wp-json\/wp\/v2\/comments?post=8586"}],"version-history":[{"count":1,"href":"https:\/\/krankenhauspfarramt.de\/index.php\/wp-json\/wp\/v2\/posts\/8586\/revisions"}],"predecessor-version":[{"id":8588,"href":"https:\/\/krankenhauspfarramt.de\/index.php\/wp-json\/wp\/v2\/posts\/8586\/revisions\/8588"}],"wp:featuredmedia":[{"embeddable":true,"href":"https:\/\/krankenhauspfarramt.de\/index.php\/wp-json\/wp\/v2\/media\/8587"}],"wp:attachment":[{"href":"https:\/\/krankenhauspfarramt.de\/index.php\/wp-json\/wp\/v2\/media?parent=8586"}],"wp:term":[{"taxonomy":"category","embeddable":true,"href":"https:\/\/krankenhauspfarramt.de\/index.php\/wp-json\/wp\/v2\/categories?post=8586"},{"taxonomy":"post_tag","embeddable":true,"href":"https:\/\/krankenhauspfarramt.de\/index.php\/wp-json\/wp\/v2\/tags?post=8586"}],"curies":[{"name":"wp","href":"https:\/\/api.w.org\/{rel}","templated":true}]}}