{"id":8589,"date":"2025-09-11T15:57:16","date_gmt":"2025-09-11T15:57:16","guid":{"rendered":"https:\/\/krankenhauspfarramt.de\/index.php\/2025\/09\/11\/mit-glaubensfreude-und-klugheit-fuer-einheit-frieden-und-schoepfungsbewahrung-ekd\/"},"modified":"2025-09-11T15:57:17","modified_gmt":"2025-09-11T15:57:17","slug":"mit-glaubensfreude-und-klugheit-fuer-einheit-frieden-und-schoepfungsbewahrung-ekd","status":"publish","type":"post","link":"https:\/\/krankenhauspfarramt.de\/index.php\/2025\/09\/11\/mit-glaubensfreude-und-klugheit-fuer-einheit-frieden-und-schoepfungsbewahrung-ekd\/","title":{"rendered":"Mit \u201eGlaubensfreude und Klugheit\u201c f\u00fcr Einheit, Frieden und Sch\u00f6pfungsbewahrung \u2013 EKD"},"content":{"rendered":"<p> <br \/>\n<\/p>\n<div id=\"\">\n<div class=\"article--meta article--meta__border clearfix\">\n<p>                                    <time datetime=\"11.09.2025 15:00\" class=\"article--time\">11.09.2025<\/time><\/p>\n<p>                                     <strong class=\"article--type primus--overline\">Pressemitteilung<\/strong><\/p>\n<picture class=\"article--source-image image\"><source srcset=\"https:\/\/www.ekd.de\/ekd_de\/ds_img\/assets\/velkd.jpg\"><!--<source srcset=\"\/ekd_de\/ds_img\/assets\/velkd_rdax_141x141s.jpg 1x, \/ekd_de\/ds_img\/assets\/velkd_rdax_282x282s.jpg 2x, https:\/\/www.ekd.de\/ekd_de\/ds_img\/assets\/velkd.jpg 3x\">--><\/p>\n<p>    <\/source><\/picture>\n<\/p><\/div>\n<h2 class=\"article--sub-headline primus--sub-headline\">Lutherische Geistliche gratulieren Papst Leo XIV. zum 70. Geburtstag<\/h2>\n<\/p><\/div>\n<div id=\"\">\n<p>Der Leitende Bischof der VELKD, Landesbischof Ralf Meister, gratuliert Papst Leo XIV., der am Sonntag (14. September) 70 Jahre alt wird: \u201eMeinen herzlichen Segenswunsch an Papst Leo XIV.! Es war beeindruckend, wie er in Rom beim Weltjugendtreffen junge Christinnen und Christen begeistern konnte. Ich w\u00fcnsche Papst Leo XIV., dass er mit seiner Glaubensfreude und seiner Klugheit die in ihn gesetzten Hoffnungen als Br\u00fcckenbauer erf\u00fcllen kann.\u201c<\/p>\n<p>Die stellvertretende leitende Geistliche der VELKD und Vorsitzende des Deutschen Nationalkomitees des Lutherischen Weltbundes, Landesbisch\u00f6fin Kristina K\u00fchnbaum-Schmidt, hebt in ihrer Gratulation das Engagement des Papstes f\u00fcr Frieden und Sch\u00f6pfungsbewahrung hervor: \u201eSehr herzlich gratuliere ich dem Oberhaupt unserer katholischen Schwestern und Br\u00fcder zu seinem runden Geburtstag! Sein klares Eintreten f\u00fcr Frieden und einen kontinuierlichen Dialog der Konfessionen und Religionen sowie einen achtsamen Umgang mit Gottes Sch\u00f6pfung ber\u00fchrt mich sehr. Im Glauben an Christus sind wir verbunden\u00a0\u2013 m\u00f6ge dieser Glaube f\u00fcr Papst Leo XIV. auch weiterhin die Quelle seiner Kraft und seiner Liebe zu den Menschen sein.\u201c<\/p>\n<p>Der Catholica-Beauftragte der VELKD, Landesbischof Christian Kopp, w\u00fcnscht dem Jubilar Fort\u00fcne und Segen auch f\u00fcr seine \u00f6kumenischen Bestrebungen: \u201eIch w\u00fcnsche Papst Leo XIV. von Herzen alles Gute, robuste Gesundheit und viel Erfolg bei seinem Ziel, die Kirche wieder zur Einheit zu f\u00fchren. M\u00f6ge Gottes Segen weiterhin auf seiner Arbeit ruhen und ihm seine freundliche, zugewandte Ausstrahlung erhalten.\u201c<\/p>\n<p>Hannover, 10. September 2025<\/p>\n<p>Pressestelle der VELKD<br \/>Frank Hofmann\u00a0<br \/>Pressesprecher<\/p>\n<p>Gesch\u00e4ftsstelle des DNK\/LWB<br \/>Florian H\u00fcbner<br \/>Stv. Gesch\u00e4ftsf\u00fchrer des DNK\/LWB<\/p>\n<p>\u00a0 \u00a0 \u00a0 \u00a0 \u00a0 \u00a0 \u00a0 \u00a0 \u00a0 \u00a0 \u00a0<\/p>\n<\/div>\n","protected":false},"excerpt":{"rendered":"<p>11.09.2025 Pressemitteilung Lutherische Geistliche gratulieren Papst Leo XIV. zum 70. Geburtstag Der Leitende Bischof der VELKD, Landesbischof Ralf Meister, gratuliert<\/p>\n","protected":false},"author":2,"featured_media":8590,"comment_status":"closed","ping_status":"closed","sticky":false,"template":"","format":"standard","meta":{"footnotes":""},"categories":[20],"tags":[],"_links":{"self":[{"href":"https:\/\/krankenhauspfarramt.de\/index.php\/wp-json\/wp\/v2\/posts\/8589"}],"collection":[{"href":"https:\/\/krankenhauspfarramt.de\/index.php\/wp-json\/wp\/v2\/posts"}],"about":[{"href":"https:\/\/krankenhauspfarramt.de\/index.php\/wp-json\/wp\/v2\/types\/post"}],"author":[{"embeddable":true,"href":"https:\/\/krankenhauspfarramt.de\/index.php\/wp-json\/wp\/v2\/users\/2"}],"replies":[{"embeddable":true,"href":"https:\/\/krankenhauspfarramt.de\/index.php\/wp-json\/wp\/v2\/comments?post=8589"}],"version-history":[{"count":1,"href":"https:\/\/krankenhauspfarramt.de\/index.php\/wp-json\/wp\/v2\/posts\/8589\/revisions"}],"predecessor-version":[{"id":8591,"href":"https:\/\/krankenhauspfarramt.de\/index.php\/wp-json\/wp\/v2\/posts\/8589\/revisions\/8591"}],"wp:featuredmedia":[{"embeddable":true,"href":"https:\/\/krankenhauspfarramt.de\/index.php\/wp-json\/wp\/v2\/media\/8590"}],"wp:attachment":[{"href":"https:\/\/krankenhauspfarramt.de\/index.php\/wp-json\/wp\/v2\/media?parent=8589"}],"wp:term":[{"taxonomy":"category","embeddable":true,"href":"https:\/\/krankenhauspfarramt.de\/index.php\/wp-json\/wp\/v2\/categories?post=8589"},{"taxonomy":"post_tag","embeddable":true,"href":"https:\/\/krankenhauspfarramt.de\/index.php\/wp-json\/wp\/v2\/tags?post=8589"}],"curies":[{"name":"wp","href":"https:\/\/api.w.org\/{rel}","templated":true}]}}