{"id":8592,"date":"2025-09-12T15:50:39","date_gmt":"2025-09-12T15:50:39","guid":{"rendered":"https:\/\/krankenhauspfarramt.de\/index.php\/2025\/09\/12\/beteiligungsforum-mit-neuem-namen-ekd-und-diakonie-uebernehmen-gemeinsame-verantwortung-ekd\/"},"modified":"2025-09-12T15:50:40","modified_gmt":"2025-09-12T15:50:40","slug":"beteiligungsforum-mit-neuem-namen-ekd-und-diakonie-uebernehmen-gemeinsame-verantwortung-ekd","status":"publish","type":"post","link":"https:\/\/krankenhauspfarramt.de\/index.php\/2025\/09\/12\/beteiligungsforum-mit-neuem-namen-ekd-und-diakonie-uebernehmen-gemeinsame-verantwortung-ekd\/","title":{"rendered":"Beteiligungsforum mit neuem Namen \u2013 EKD und Diakonie \u00fcbernehmen gemeinsame Verantwortung \u2013 EKD"},"content":{"rendered":"<p> <br \/>\n<\/p>\n<div id=\"\">\n<p>Das Beteiligungsforum Sexualisierte Gewalt (BeFo) nennt sich k\u00fcnftig \u201eBeteiligungsforum Sexualisierte Gewalt in der EKD und Diakonie\u201c. \u00a0Die Mitglieder beschlossen die \u00c4nderung am vergangenen Wochenende im Rahmen ihrer zweit\u00e4gigen Sitzung in Wolfsburg. Der neue Name resultiert aus der Ver\u00e4nderung der Rolle der Diakonie in dem Gremium: K\u00fcnftig wird die Diakonie die H\u00e4lfte der Finanzierung \u00fcbernehmen und einen weiteren Vertreter entsenden. Neben Elke Ronneberger, Bundesvorst\u00e4ndin Sozialpolitik der Diakonie Deutschland, wird ab sofort auch Roman Shapiro, Leiter des Zentrums Recht im Diakonischen Werk Rheinland-Westfalen-Lippe, im Beteiligungsforum mitwirken. Ziel ist es, die Perspektiven der diakonischen Landesverb\u00e4nde st\u00e4rker integrieren zu k\u00f6nnen. Er sagt: \u201eDie Ver\u00e4nderungen vertiefen den seit langem verfolgten Ansatz von evangelischer Kirche und Diakonie, im Umgang mit sexualisierter Gewalt auf gemeinsame Projekte, Standards und Strukturen zu setzen.\u201c<\/p>\n<p>Zu Beginn der Sitzung war Kirsten Fehrs, Ratsvorsitzende der EKD, im Beteiligungsforum zu Gast. Im Gespr\u00e4ch mit den Mitgliedern diskutierte sie die Frage, wie die Leitungsorgane der EKD noch enger mit dem Beteiligungsforum zusammenarbeiten k\u00f6nnten und wie leitende Personen in Kirche und Diakonie insgesamt ihrer Verantwortung zur Aufarbeitung und zum Schutz vor sexualisierter Gewalt gerecht werden k\u00f6nnen. Frau Fehrs lud die Mitglieder des Beteiligungsforums zur weiteren Vertiefung der Gespr\u00e4che in den Rat der EKD ein. Detlev Zander, Sprecher der Betroffenengruppe: \u201eEs ist wichtig, dass wir als Betroffene unsere Interessen und Forderungen direkt an die leitenden Menschen in der Kirche adressieren k\u00f6nnen. Uns kann niemand vertreten, wir m\u00fcssen selbst geh\u00f6rt werden.\u201c<\/p>\n<p>Arbeit an einer Ombudsstelle<\/p>\n<p>Schwerpunkt der BeFo-Sitzung war die Weiterentwicklung an der Konzeption einer Ombudsstelle f\u00fcr betroffene Personen. Diese soll \u2013 entsprechend des ForuM-Ma\u00dfnahmenplans \u2013 bei Konflikten zwischen kirchlichen oder diakonischen Stellen und betroffenen Personen f\u00fcr die Interessen der betroffenen Personen eintreten und nach L\u00f6sungen suchen. Die Mitglieder diskutierten dazu verschiedene Konzeptideen.<\/p>\n<p>Schon vor der Sitzung mussten sich die Mitglieder von Frau Manuela Nicklas-Beck und Herrn Nicolai Blank verabschieden, die die Mitgliedschaft nach drei Jahren intensiver Arbeit beendet haben. Die Gruppe dankte den beiden f\u00fcr ihr gro\u00dfes Engagement. Nancy Janz, Sprecherin der Gruppe der betroffenen Personen: \u201eDie Auseinandersetzung mit den Institutionen und den eingefahrenen Strukturen kostet viel Kraft. Es erfordert gro\u00dfe Hartn\u00e4ckigkeit und gleichzeitig Feingef\u00fchl, die Bedingungen immer wieder neu auszuloten. Wir werden weiterhin Prozesse kritisch in den Blick nehmen, um die bestehenden Strukturen zu ver\u00e4ndern und eine Ver\u00e4nderung zu erreichen.\u201c<\/p>\n<p>Anfang 2026 werden betroffene Personen, die bisher schon in den AGs des Beteiligungsforums als G\u00e4ste mitarbeiten, die Betroffenengruppe im Beteiligungsforum als Mitglieder verst\u00e4rken.<\/p>\n<\/div>\n<div id=\"\">\n    <!-- Test for teaser --><br \/>\n    <!--Val: 1 --><\/p>\n<p>                    \t    <!-- SRC:  --><\/p>\n<aside class=\"article--aside quintus teaser teaser__related rs_skip rs_preserve\">\n<div class=\"teaser--article teaser--content\">\n<figure class=\"teaser--image\">\n                                                    <picture><source media=\"(max-width:935px)\" srcset=\"https:\/\/www.ekd.de\/ekd_de\/ds_img\/assets_1875_x\/20170612_shutterstock.comWAYHOME%20studio_Missbrauch-themenseite_1875_rdax_625x352_60p.jpg 1x, https:\/\/www.ekd.de\/ekd_de\/ds_img\/assets_1875_x\/20170612_shutterstock.comWAYHOME%20studio_Missbrauch-themenseite_1875_rdax_1250x704_60p.jpg 2x, https:\/\/www.ekd.de\/ekd_de\/ds_img\/assets_1875_x\/20170612_shutterstock.comWAYHOME%20studio_Missbrauch-themenseite_1875_rdax_60p.jpg 3x\"><source media=\"(min-width:934px)\" srcset=\"https:\/\/www.ekd.de\/ekd_de\/ds_img\/assets_1875_x\/20170612_shutterstock.comWAYHOME%20studio_Missbrauch-themenseite_1875_rdax_360x203_70p.jpg 1x, https:\/\/www.ekd.de\/ekd_de\/ds_img\/assets_1875_x\/20170612_shutterstock.comWAYHOME%20studio_Missbrauch-themenseite_1875_rdax_720x406_70p.jpg 2x, https:\/\/www.ekd.de\/ekd_de\/ds_img\/assets_1875_x\/20170612_shutterstock.comWAYHOME%20studio_Missbrauch-themenseite_1875_rdax_1080x608_70p.jpg 3x\"><\/source><\/source><\/picture><figcaption\/>\n                                                <\/figure>\n<p class=\"quintus--text teaser--text\">Die evangelischen Landeskirchen sind sich ihrer Verantwortung bewusst, wirksame Ma\u00dfnahmen zur Pr\u00e4vention und Intervention bei sexualisierter Gewalt durch kirchliche Mitarbeiterinnen und Mitarbeiter zu ergreifen.<\/p>\n<\/p><\/div>\n<\/aside>\n<div class=\"article--content\">\n<p>Hannover, 12. September 2025<\/p>\n<p>Die Sprecher*innen des Beteiligungsforums Sexualisierte Gewalt in der EKD und Diakonie<br \/>\u00fcber Pressestelle der EKD<\/p>\n<p><strong><em>Kontaktm\u00f6glichkeiten:<\/em><\/strong><\/p>\n<p>Beteiligungsforum@ekd.de \/ Betroffenenvertretung@befo.ekd.de<\/p>\n<p>Nancy Janz: Nancy.janz@befo.ekd.de<\/p>\n<p>Detlev Zander: detlev.zander@befo.ekd.de<\/p>\n<p>Dorothee W\u00fcst: oeffentlichkeitsreferat@evkirchepfalz.de<\/p>\n<p><strong><em>Info-Link zur ForuM-Themenseite<\/em><\/strong><\/p>\n<p>https:\/\/www.ekd.de\/umgang-mit-der-studie-82291.htm<\/p>\n<p><em><strong>Zur Information:<\/strong><\/em><\/p>\n<p>Im Beteiligungsforum Sexualisierte Gewalt werden alle Fragen, die sexualisierte Gewalt in der evangelischen Kirche und Diakonie betreffen, von Betroffenenvertreter*innen und kirchlichen sowie diakonischen Beauftragten bearbeitet. Die Mitglieder des Beteiligungsforums bringen ihre Fragestellungen und Themen in das Forum ein. Ebenso werden Anfragen aus den Gremien der EKD und Diakonie in das Beteiligungsforum getragen. Das Beteiligungsforum erarbeitet dazu konkrete Beschlussvorschl\u00e4ge. F\u00fcr einen Beschlussvorschlag ist sowohl eine Mehrheit in der Betroffenenvertretung als auch unter den kirchlichen und diakonischen Beauftragten notwendig. Die abgestimmten Beschlussvorschl\u00e4ge werden dann in den Rat der EKD, die Kirchenkonferenz oder die Synode eingebracht, wo sie endg\u00fcltig beschlossen werden. So ist gew\u00e4hrleistet, dass jede kirchenpolitische Entscheidung zum Umgang mit sexualisierter Gewalt unter Partizipation Betroffener erfolgt.<\/p>\n<p><em><strong>Ansprechpersonen f\u00fcr Betroffene sexualisierter Gewalt:<\/strong><\/em><\/p>\n<p>Betroffene von sexualisierter Gewalt im Raum der evangelischen Kirche und der Diakonie k\u00f6nnen sich an die \u201eZentrale Anlaufstelle.help\u201c sowie an die landeskirchlichen Ansprechpersonen f\u00fcr Betroffene sexualisierter Gewalt wenden.<\/p>\n<p>www.Anlaufstelle.help<\/p>\n<p>www.ekd.de\/Ansprechpartner-fuer-Missbrauchsopfer-23994.htm\u00a0<\/p>\n<p>Das bundesweite Hilfe-Portal\/Hilfe-Telefon Sexueller Missbrauch ist ein Angebot der Unabh\u00e4ngigen Beauftragten f\u00fcr Fragen des sexuellen Kindesmissbrauchs:<\/p>\n<p>https:\/\/www.hilfe-portal-missbrauch.de\/hilfe-telefon \/ 0800 22 55 530<\/p>\n<p>Rund um die Uhr kann man sich ratsuchend und in Krisen an die TelefonSeelsorge wenden:<\/p>\n<p>Per Telefon: 0800 \/ 111 0 111, 0800 \/ 111 0 222 oder 116 123<\/p>\n<p>Per Mail und Chat: www.telefonseelsorge.de\u00a0\u00a0\u00a0<\/p>\n<p>Weitere Informationen zum Beteiligungsforum und seinen Projekten:<\/p>\n<p>Beteiligungsforum Sexualisierte Gewalt<\/p>\n<p>Gemeinsame Erkl\u00e4rung mit der UBSKM \/ Unabh\u00e4ngige Regionale Aufarbeitungskommissionen<\/p>\n<p>Vernetzungsplattform \u201eBeNe\u201c<\/p>\n<\/p><\/div>\n<\/div>\n","protected":false},"excerpt":{"rendered":"<p>Das Beteiligungsforum Sexualisierte Gewalt (BeFo) nennt sich k\u00fcnftig \u201eBeteiligungsforum Sexualisierte Gewalt in der EKD und Diakonie\u201c. \u00a0Die Mitglieder beschlossen die<\/p>\n","protected":false},"author":2,"featured_media":7722,"comment_status":"closed","ping_status":"closed","sticky":false,"template":"","format":"standard","meta":{"footnotes":""},"categories":[20],"tags":[],"_links":{"self":[{"href":"https:\/\/krankenhauspfarramt.de\/index.php\/wp-json\/wp\/v2\/posts\/8592"}],"collection":[{"href":"https:\/\/krankenhauspfarramt.de\/index.php\/wp-json\/wp\/v2\/posts"}],"about":[{"href":"https:\/\/krankenhauspfarramt.de\/index.php\/wp-json\/wp\/v2\/types\/post"}],"author":[{"embeddable":true,"href":"https:\/\/krankenhauspfarramt.de\/index.php\/wp-json\/wp\/v2\/users\/2"}],"replies":[{"embeddable":true,"href":"https:\/\/krankenhauspfarramt.de\/index.php\/wp-json\/wp\/v2\/comments?post=8592"}],"version-history":[{"count":1,"href":"https:\/\/krankenhauspfarramt.de\/index.php\/wp-json\/wp\/v2\/posts\/8592\/revisions"}],"predecessor-version":[{"id":8593,"href":"https:\/\/krankenhauspfarramt.de\/index.php\/wp-json\/wp\/v2\/posts\/8592\/revisions\/8593"}],"wp:featuredmedia":[{"embeddable":true,"href":"https:\/\/krankenhauspfarramt.de\/index.php\/wp-json\/wp\/v2\/media\/7722"}],"wp:attachment":[{"href":"https:\/\/krankenhauspfarramt.de\/index.php\/wp-json\/wp\/v2\/media?parent=8592"}],"wp:term":[{"taxonomy":"category","embeddable":true,"href":"https:\/\/krankenhauspfarramt.de\/index.php\/wp-json\/wp\/v2\/categories?post=8592"},{"taxonomy":"post_tag","embeddable":true,"href":"https:\/\/krankenhauspfarramt.de\/index.php\/wp-json\/wp\/v2\/tags?post=8592"}],"curies":[{"name":"wp","href":"https:\/\/api.w.org\/{rel}","templated":true}]}}