{"id":8594,"date":"2025-09-12T16:13:11","date_gmt":"2025-09-12T16:13:11","guid":{"rendered":"https:\/\/krankenhauspfarramt.de\/index.php\/2025\/09\/12\/herausragende-persoenlichkeit-des-protestantismus-ekd\/"},"modified":"2025-09-12T16:13:13","modified_gmt":"2025-09-12T16:13:13","slug":"herausragende-persoenlichkeit-des-protestantismus-ekd","status":"publish","type":"post","link":"https:\/\/krankenhauspfarramt.de\/index.php\/2025\/09\/12\/herausragende-persoenlichkeit-des-protestantismus-ekd\/","title":{"rendered":"\u201eHerausragende Pers\u00f6nlichkeit des Protestantismus\u201c \u2013 EKD"},"content":{"rendered":"<p> <br \/>\n<\/p>\n<div id=\"\">\n<div class=\"article--meta article--meta__border clearfix\">\n<p>                                    <time datetime=\"12.09.2025 14:00\" class=\"article--time\">12.09.2025<\/time><\/p>\n<p>                                     <strong class=\"article--type primus--overline\">Pressemitteilung<\/strong><\/p>\n<picture class=\"article--source-image image\"><source srcset=\"https:\/\/www.ekd.de\/ekd_de\/ds_img\/assets\/20170622_ekd-Quellenlogo_141_rdax_423x118.png\"><!--<source srcset=\"\/ekd_de\/ds_img\/assets\/20170622_ekd-Quellenlogo_141_rdax_141x39.png 1x, \/ekd_de\/ds_img\/assets\/20170622_ekd-Quellenlogo_141_rdax_282x78.png 2x, https:\/\/www.ekd.de\/ekd_de\/ds_img\/assets\/20170622_ekd-Quellenlogo_141_rdax_423x118.png 3x\">--><\/p>\n<p>    <\/source><\/picture>\n<\/p><\/div>\n<h2 class=\"article--sub-headline primus--sub-headline\">EKD-Ratsvorsitzende w\u00fcrdigt verstorbenen ehemaligen Ratsvorsitzenden Manfred Kock<\/h2>\n<\/p><\/div>\n<div id=\"\">\n<p>Die Evangelische Kirche in Deutschland (EKD) trauert um ihren fr\u00fcheren Ratsvorsitzenden, Pr\u00e4ses i.R. Manfred Kock, der am 11. September 2025 im Alter von 88 Jahren verstorben ist.<\/p>\n<p>Die Ratsvorsitzende der EKD, Bisch\u00f6fin Kirsten Fehrs, w\u00fcrdigte Kock als \u201eherausragende Pers\u00f6nlichkeit des Protestantismus. Er hat mich in seiner Glaubenskraft, seiner theologischen Klugheit und klaren Haltung immer sehr beeindruckt. Geradlinig und unersch\u00fctterlich menschenfreundlich setzte er in gesellschaftlichen Debatten entscheidende Akzente und hat damit\u00a0Orientierung gegeben. In \u00f6kumenischer Offenheit und als Br\u00fcckenbauer par excellence auch zwischen Kirche, Politik und Gesellschaft hat er viel Segen gewirkt\u201c, so die Ratsvorsitzende. \u201eWir denken dankbar an Manfred Kock und sind in Gebeten und Gedanken bei seiner Familie\u201c.<\/p>\n<p>Von 1997 bis 2003 war Kock als Pr\u00e4ses der Evangelischen Kirche im Rheinland Ratsvorsitzender der EKD. Er hat in dieser Zeit die evangelische Kirche in wichtigen gesellschaftlichen, politischen und \u00f6kumenischen Fragen gepr\u00e4gt. F\u00fcr sein vielf\u00e4ltiges Wirken wurde ihm 2002 von Bundespr\u00e4sident Johannes Rau das Gro\u00dfe Bundesverdienstkreuz mit Stern und Schulterband verliehen.<\/p>\n<p>Die EKD gedenkt mit Dankbarkeit des Lebens und Wirkens von Manfred Kock. \u201eDer in euch angefangen hat das gute Werk, der wird&#8217;s auch vollenden bis an den Tag Christi Jesu\u201c (Phil 1,6). \u201eM\u00f6ge dieses Bibelwort, das Manfred Kock in seinem Leben begleitet hat, jetzt all denen Trost und Zuversicht geben, die um ihn trauern\u201c, so Bisch\u00f6fin Fehrs.<\/p>\n<p>Hannover, 12. September 2025<\/p>\n<p>Pressestelle der EKD<br \/>Carsten Splitt<\/p>\n<\/div>\n","protected":false},"excerpt":{"rendered":"<p>12.09.2025 Pressemitteilung EKD-Ratsvorsitzende w\u00fcrdigt verstorbenen ehemaligen Ratsvorsitzenden Manfred Kock Die Evangelische Kirche in Deutschland (EKD) trauert um ihren fr\u00fcheren Ratsvorsitzenden,<\/p>\n","protected":false},"author":2,"featured_media":8595,"comment_status":"closed","ping_status":"closed","sticky":false,"template":"","format":"standard","meta":{"footnotes":""},"categories":[20],"tags":[],"_links":{"self":[{"href":"https:\/\/krankenhauspfarramt.de\/index.php\/wp-json\/wp\/v2\/posts\/8594"}],"collection":[{"href":"https:\/\/krankenhauspfarramt.de\/index.php\/wp-json\/wp\/v2\/posts"}],"about":[{"href":"https:\/\/krankenhauspfarramt.de\/index.php\/wp-json\/wp\/v2\/types\/post"}],"author":[{"embeddable":true,"href":"https:\/\/krankenhauspfarramt.de\/index.php\/wp-json\/wp\/v2\/users\/2"}],"replies":[{"embeddable":true,"href":"https:\/\/krankenhauspfarramt.de\/index.php\/wp-json\/wp\/v2\/comments?post=8594"}],"version-history":[{"count":1,"href":"https:\/\/krankenhauspfarramt.de\/index.php\/wp-json\/wp\/v2\/posts\/8594\/revisions"}],"predecessor-version":[{"id":8596,"href":"https:\/\/krankenhauspfarramt.de\/index.php\/wp-json\/wp\/v2\/posts\/8594\/revisions\/8596"}],"wp:featuredmedia":[{"embeddable":true,"href":"https:\/\/krankenhauspfarramt.de\/index.php\/wp-json\/wp\/v2\/media\/8595"}],"wp:attachment":[{"href":"https:\/\/krankenhauspfarramt.de\/index.php\/wp-json\/wp\/v2\/media?parent=8594"}],"wp:term":[{"taxonomy":"category","embeddable":true,"href":"https:\/\/krankenhauspfarramt.de\/index.php\/wp-json\/wp\/v2\/categories?post=8594"},{"taxonomy":"post_tag","embeddable":true,"href":"https:\/\/krankenhauspfarramt.de\/index.php\/wp-json\/wp\/v2\/tags?post=8594"}],"curies":[{"name":"wp","href":"https:\/\/api.w.org\/{rel}","templated":true}]}}