{"id":8597,"date":"2025-09-17T13:34:51","date_gmt":"2025-09-17T13:34:51","guid":{"rendered":"https:\/\/krankenhauspfarramt.de\/index.php\/2025\/09\/17\/ein-gegenpol-zum-immer-lauter-werdenden-rechtspopulismus-ekd\/"},"modified":"2025-09-17T13:34:52","modified_gmt":"2025-09-17T13:34:52","slug":"ein-gegenpol-zum-immer-lauter-werdenden-rechtspopulismus-ekd","status":"publish","type":"post","link":"https:\/\/krankenhauspfarramt.de\/index.php\/2025\/09\/17\/ein-gegenpol-zum-immer-lauter-werdenden-rechtspopulismus-ekd\/","title":{"rendered":"Ein Gegenpol zum immer lauter werdenden Rechtspopulismus \u2013 EKD"},"content":{"rendered":"<p> <br \/>\n<\/p>\n<div id=\"\">\n<div class=\"article--meta article--meta__border clearfix\">\n<p>                                    <time datetime=\"17.09.2025 13:00\" class=\"article--time\">17.09.2025<\/time><\/p>\n<p>                                     <strong class=\"article--type primus--overline\">Pressemitteilung<\/strong><\/p>\n<picture class=\"article--source-image image\"><source srcset=\"https:\/\/www.ekd.de\/ekd_de\/ds_img\/assets\/20170622_ekd-Quellenlogo_141_rdax_423x118.png\"><!--<source srcset=\"\/ekd_de\/ds_img\/assets\/20170622_ekd-Quellenlogo_141_rdax_141x39.png 1x, \/ekd_de\/ds_img\/assets\/20170622_ekd-Quellenlogo_141_rdax_282x78.png 2x, https:\/\/www.ekd.de\/ekd_de\/ds_img\/assets\/20170622_ekd-Quellenlogo_141_rdax_423x118.png 3x\">--><\/p>\n<p>    <\/source><\/picture>\n<\/p><\/div>\n<h2 class=\"article--sub-headline primus--sub-headline\">Am 21. September beginnt die Interkulturelle Woche \u2013 Sie betont mit ihrem Motto \u201edaf\u00fcr!\u201c das Verbindende in der Vielfaltsgesellschaft<\/h2>\n<\/p><\/div>\n<div id=\"\">\n<p>Mit tausenden Veranstaltungen im gesamten Bundesgebiet startet am 21.\u00a0September die Interkulturelle Woche (IKW) in ein ganz besonderes Jahr. Denn 2025 feiert die Initiative ihr 50-j\u00e4hriges Bestehen. 1975 wurde sie auf Initiative der Deutschen Bischofskonferenz, der Evangelischen Kirche in Deutschland und der Griechisch-Orthodoxe Metropolie von Deutschland ins Leben gerufen. Die Kirchen sind auch heute noch Tr\u00e4ger der IKW, zusammen mit Kommunen, Landkreisen, Wohlfahrtsverb\u00e4nden, Gewerkschaften, Integrationsbeir\u00e4ten und -beauftragten, Vereinen, Bildungstr\u00e4ger*innen, Migrant*innenorganisationen, Religionsgemeinschaften und Initiativgruppen.<\/p>\n<p>Das Motto der IKW 2025 lautet \u201edaf\u00fcr!\u201c. \u201eAuf gr\u00f6\u00dfer werdende Vorbehalte und \u00c4ngste, auf zunehmende Ausgrenzung, offenen Rassismus und die Zur\u00fcckweisung von Menschen mit Migrationsgeschichte antwortet die Interkulturelle Woche mit einem klaren Statement: Wir sind DAF\u00dcR \u2013 f\u00fcr jeden einzelnen Menschen!\u201c, schreiben der Vorsitzende der Deutschen Bischofskonferenz, Bischof Dr. Georg B\u00e4tzing, die Ratsvorsitzende der EKD, Bisch\u00f6fin Kirsten Fehrs, und Metropolit Augoustinos von der Griechisch-Orthodoxen Metropolie in ihrem Gemeinsamen Wort zur Interkulturellen Woche. Mit dem Motto \u201edaf\u00fcr!\u201c will der \u00d6kumenische Vorbereitungsausschuss (\u00d6VA), der die IKW inhaltlich vorbereitet, bewusst ein positives Signal setzen \u2013 denn seit 50 Jahren setzt sich die IKW ein f\u00fcr Vielfalt und eine starke Demokratie, f\u00fcr eine offene Gesellschaft, f\u00fcr Menschenrechte, f\u00fcr Solidarit\u00e4t und Zusammenhalt.<\/p>\n<p>Dr. Beate Str\u00e4ter, \u00d6VA-Vorsitzende: \u201e\u2018Daf\u00fcr!\u2018 begreifen wir als lebendigen und starken Gegenpol zur immer lauter werdenden rechtspopulistischen Stimmung im Land. Ein Gegenpol zu denen, die st\u00e4ndig und immer \u00f6fter die Schuld bei anderen suchen und lauthals \u201aDagegen!\u2018 br\u00fcllen, statt sich f\u00fcr eine konstruktive demokratische Politik stark zu machen. Wir schaffen mit der IKW R\u00e4ume f\u00fcr Dialog, Begegnung, den Abbau von Vorurteilen, f\u00fcr gegenseitiges Verst\u00e4ndnis und den Spa\u00df, den wir miteinander haben. Und nat\u00fcrlich, um die Probleme zu diskutieren, die in einer Vielfaltsgesellschaft auftreten \u2013 aber auf Augenh\u00f6he und l\u00f6sungsorientiert.\u201c<\/p>\n<p>Das Verbindende betonen auch die Kirchenvorsitzenden im Gemeinsamen Wort: \u201eWir d\u00fcrfen nicht m\u00fcde werden, f\u00fcr unsere Demokratie zu k\u00e4mpfen und immer wieder Br\u00fccken zu bauen von Mensch zu Mensch.\u201c Sie f\u00fcgen hinzu: \u201eDie Aufnahme gefl\u00fcchteter Menschen hat unsere Gesellschaft immer wieder auch herausgefordert. Solchen Herausforderungen gilt es politisch zu begegnen. L\u00e4nder und Kommunen m\u00fcssen durch entsprechende Regelungen und Ressourcen in die Lage versetzt werden, ihren Verpflichtungen bei der Aufnahme gefl\u00fcchteter Menschen nachzukommen und dabei zugleich die Sicherheit und Ordnung im Land zu gew\u00e4hrleisten. Aber es kann niemals eine Option sein, Menschen in existenziellen Notlagen abzuweisen oder auch zu verhindern, dass Menschen mit ihren Familienangeh\u00f6rigen zusammenleben.\u201c<\/p>\n<p>Das 50-j\u00e4hrige Bestehen der IKW wurde bereits im Mai in Berlin gefeiert, Bundespr\u00e4sident Frank-Walter Steinmeier hielt die Festrede (Video). Nun starten \u2013 wie jedes Jahr im September und Oktober \u2013 die Veranstaltungen der Initiative. Deren Zahl ist in den vergangenen Jahren stetig gestiegen, 2024 gab es rund 6000 Veranstaltungen in \u00fcber 750 St\u00e4dten und Gemeinden. Der vorgeschlagene Zeitraum f\u00fcr die IKW ist vom 21. bis 28. September, allerdings beginnen in manchen Orten die \u201eWochen\u201c fr\u00fcher oder enden sp\u00e4ter. Integraler Bestandteil der IKW ist au\u00dferdem der \u201eTag des Fl\u00fcchtlings\u201c, an dem die Themen Flucht, Asyl und Migration noch einmal besonders betont werden. Er ist in diesem Jahr am 26. September.<\/p>\n<p>Weitere Informationen: www.interkulturellewoche.de. Das Gemeinsame Wort der Kirchen zur Interkulturellen Woche finden Sie HIER. Texte, Fotos und Videos zum Festakt zum 50-j\u00e4hrigen Bestehen der IKW sind auf dieser Seite zusammengestellt.<\/p>\n<p>R\u00fcckfragen bitte an:<br \/>Steffen Blatt<br \/>Referent f\u00fcr \u00d6ffentlichkeitsarbeit<br \/>\u00d6kumenischer Vorbereitungsausschuss zur Interkulturellen Woche<br \/>Telefon: 069 \/ 900 196-29<br \/>E-Mail: s.blatt@interkulturellewoche.de<\/p>\n<p>Sie suchen f\u00fcr Ihre Berichterstattung eine Interkulturelle Woche in Ihrem Verbreitungsgebiet? Nutzen Sie zur Recherche unsere Datenbank mit den IKW-Programmen 2025 oder fragen Sie direkt bei uns an.<\/p>\n<p>Hannover, 17. September 2025<\/p>\n<p>Pressestelle der EKD<br \/>Carsten Splitt<\/p>\n<\/div>\n","protected":false},"excerpt":{"rendered":"<p>17.09.2025 Pressemitteilung Am 21. September beginnt die Interkulturelle Woche \u2013 Sie betont mit ihrem Motto \u201edaf\u00fcr!\u201c das Verbindende in der<\/p>\n","protected":false},"author":2,"featured_media":8151,"comment_status":"closed","ping_status":"closed","sticky":false,"template":"","format":"standard","meta":{"footnotes":""},"categories":[20],"tags":[],"_links":{"self":[{"href":"https:\/\/krankenhauspfarramt.de\/index.php\/wp-json\/wp\/v2\/posts\/8597"}],"collection":[{"href":"https:\/\/krankenhauspfarramt.de\/index.php\/wp-json\/wp\/v2\/posts"}],"about":[{"href":"https:\/\/krankenhauspfarramt.de\/index.php\/wp-json\/wp\/v2\/types\/post"}],"author":[{"embeddable":true,"href":"https:\/\/krankenhauspfarramt.de\/index.php\/wp-json\/wp\/v2\/users\/2"}],"replies":[{"embeddable":true,"href":"https:\/\/krankenhauspfarramt.de\/index.php\/wp-json\/wp\/v2\/comments?post=8597"}],"version-history":[{"count":1,"href":"https:\/\/krankenhauspfarramt.de\/index.php\/wp-json\/wp\/v2\/posts\/8597\/revisions"}],"predecessor-version":[{"id":8598,"href":"https:\/\/krankenhauspfarramt.de\/index.php\/wp-json\/wp\/v2\/posts\/8597\/revisions\/8598"}],"wp:featuredmedia":[{"embeddable":true,"href":"https:\/\/krankenhauspfarramt.de\/index.php\/wp-json\/wp\/v2\/media\/8151"}],"wp:attachment":[{"href":"https:\/\/krankenhauspfarramt.de\/index.php\/wp-json\/wp\/v2\/media?parent=8597"}],"wp:term":[{"taxonomy":"category","embeddable":true,"href":"https:\/\/krankenhauspfarramt.de\/index.php\/wp-json\/wp\/v2\/categories?post=8597"},{"taxonomy":"post_tag","embeddable":true,"href":"https:\/\/krankenhauspfarramt.de\/index.php\/wp-json\/wp\/v2\/tags?post=8597"}],"curies":[{"name":"wp","href":"https:\/\/api.w.org\/{rel}","templated":true}]}}