{"id":8600,"date":"2025-09-18T13:46:26","date_gmt":"2025-09-18T13:46:26","guid":{"rendered":"https:\/\/krankenhauspfarramt.de\/index.php\/2025\/09\/18\/kirchen-rufen-zur-beteiligung-am-klimaaktionstag-am-20-september-auf-ekd\/"},"modified":"2025-09-18T13:46:27","modified_gmt":"2025-09-18T13:46:27","slug":"kirchen-rufen-zur-beteiligung-am-klimaaktionstag-am-20-september-auf-ekd","status":"publish","type":"post","link":"https:\/\/krankenhauspfarramt.de\/index.php\/2025\/09\/18\/kirchen-rufen-zur-beteiligung-am-klimaaktionstag-am-20-september-auf-ekd\/","title":{"rendered":"Kirchen rufen zur Beteiligung am Klimaaktionstag am 20. September auf \u2013 EKD"},"content":{"rendered":"<p> <br \/>\n<\/p>\n<div id=\"\">\n<div class=\"article--meta article--meta__border clearfix\">\n<p>                                    <time datetime=\"18.09.2025 13:00\" class=\"article--time\">18.09.2025<\/time><\/p>\n<p>                                     <strong class=\"article--type primus--overline\">Pressemitteilung<\/strong><\/p>\n<picture class=\"article--source-image image\"><source srcset=\"https:\/\/www.ekd.de\/ekd_de\/ds_img\/assets\/20170622_ekd-Quellenlogo_141_rdax_423x118.png\"><!--<source srcset=\"\/ekd_de\/ds_img\/assets\/20170622_ekd-Quellenlogo_141_rdax_141x39.png 1x, \/ekd_de\/ds_img\/assets\/20170622_ekd-Quellenlogo_141_rdax_282x78.png 2x, https:\/\/www.ekd.de\/ekd_de\/ds_img\/assets\/20170622_ekd-Quellenlogo_141_rdax_423x118.png 3x\">--><\/p>\n<p>    <\/source><\/picture>\n<\/p><\/div>\n<h2 class=\"article--sub-headline primus--sub-headline\">Churches for Future und EKD: Gemeinsam f\u00fcr Gottes Sch\u00f6pfung \u2013 Klimagerechtigkeit jetzt!<\/h2>\n<\/p><\/div>\n<div id=\"\">\n<p>Die Beauftragte f\u00fcr Sch\u00f6pfungsverantwortung des Rates der Evangelischen Kirche in Deutschland (EKD), Landesbisch\u00f6fin Kristina K\u00fchnbaum-Schmidt, und das \u00f6kumenische B\u00fcndnis Churches for Future rufen zur Beteiligung am Klimaaktionstag am Sonnabend, den 20. September 2025, auf. \u201eDie Sch\u00f6pfung Gottes ist durch unser Handeln in einem bisher nicht gekannten Ausma\u00df bedroht\u201c, erkl\u00e4rt Kristina K\u00fchnbaum-Schmidt, die Landesbisch\u00f6fin der Evangelisch-Lutherischen Kirche in Norddeutschland (Nordkirche) ist. \u201eDarum geh\u00f6rt der Einsatz f\u00fcr Klimaschutz zu den dr\u00e4ngendsten Aufgaben unserer Zeit. Er ist Ausdruck gelebter N\u00e4chstenliebe und verantwortlicher Sch\u00f6pfungstreue. Ich unterst\u00fctze deshalb die Forderung nach einem z\u00fcgigen Ausstieg aus allen fossilen Energien. Zugleich lade ich herzlich dazu ein, sich am Klimaaktionstag zu beteiligen und gemeinsam ein sichtbares Zeichen f\u00fcr Klimagerechtigkeit zu setzen\u201c, so die Landesbisch\u00f6fin.<\/p>\n<p>Der weltweite Klimaaktionstag am 20. September 2025 ist Teil einer internationalen Mobilisierung von Fridays for Future und ihren Partnern. In diesem Jahr steht der Aktionstag unter dem Motto #ExitGasEnterFuture. Er wurde bewusst auf einen Sonnabend gelegt, damit m\u00f6glichst viele Menschen teilnehmen k\u00f6nnen. F\u00fcr die Kirchen f\u00e4llt er in die internationale Sch\u00f6pfungszeit, eine Zeit, in der Christ*innen ihre Verantwortung f\u00fcr die Bewahrung der Sch\u00f6pfung besonders bewusst leben. Alle sind daher eingeladen, am 20. September sich zu beteiligen und f\u00fcr Klimaschutz und Klimagerechtigkeit einzusetzen.<\/p>\n<p>Deutschland hat sich verpflichtet, bis 2045 klimaneutral zu werden und seine Emissionen schon bis 2030 deutlich zu senken. Doch diese Ziele sind nur erreichbar, wenn der Ausstieg aus allen fossilen Energietr\u00e4gern konsequent vorangetrieben wird. Auch bei dem als \u00dcbergangsenergietr\u00e4ger forcierten Gas entstehen bei F\u00f6rderung, Transport und Verbrennung erhebliche Mengen an Treibhausgasen, insbesondere Methan, das ein Vielfaches klimasch\u00e4dlicher ist als CO\u2082. Deshalb ist es notwendig, auch den Ausstieg aus fossilem Gas bis sp\u00e4testens 2045 entschlossen umzusetzen.<\/p>\n<p>Mit Churches for Future haben sich seit 2019 mehr als 80 kirchliche Organisationen dem Protest von Fridays for Future angeschlossen. Die Initiative, die heute vom \u00f6kumenischen Netzwerk Eine Erde getragen wird, macht deutlich, dass christlicher Glaube und der Einsatz f\u00fcr Klimagerechtigkeit zusammengeh\u00f6ren.<\/p>\n<p>Weitere Informationen zum kirchlichen Klima- Engagement sowie M\u00f6glichkeiten zur Beteiligung finden Sie unter ekd.de\/klima und Du z\u00e4hlst! &#8230;weil wir gemeinsam etwas bewegen k\u00f6nnen.<\/p>\n<p>Hannover, 18. September 2025<\/p>\n<p>Pressestelle der EKD<br \/>Carsten Splitt<\/p>\n<\/div>\n","protected":false},"excerpt":{"rendered":"<p>18.09.2025 Pressemitteilung Churches for Future und EKD: Gemeinsam f\u00fcr Gottes Sch\u00f6pfung \u2013 Klimagerechtigkeit jetzt! Die Beauftragte f\u00fcr Sch\u00f6pfungsverantwortung des Rates<\/p>\n","protected":false},"author":2,"featured_media":8601,"comment_status":"closed","ping_status":"closed","sticky":false,"template":"","format":"standard","meta":{"footnotes":""},"categories":[20],"tags":[],"_links":{"self":[{"href":"https:\/\/krankenhauspfarramt.de\/index.php\/wp-json\/wp\/v2\/posts\/8600"}],"collection":[{"href":"https:\/\/krankenhauspfarramt.de\/index.php\/wp-json\/wp\/v2\/posts"}],"about":[{"href":"https:\/\/krankenhauspfarramt.de\/index.php\/wp-json\/wp\/v2\/types\/post"}],"author":[{"embeddable":true,"href":"https:\/\/krankenhauspfarramt.de\/index.php\/wp-json\/wp\/v2\/users\/2"}],"replies":[{"embeddable":true,"href":"https:\/\/krankenhauspfarramt.de\/index.php\/wp-json\/wp\/v2\/comments?post=8600"}],"version-history":[{"count":1,"href":"https:\/\/krankenhauspfarramt.de\/index.php\/wp-json\/wp\/v2\/posts\/8600\/revisions"}],"predecessor-version":[{"id":8602,"href":"https:\/\/krankenhauspfarramt.de\/index.php\/wp-json\/wp\/v2\/posts\/8600\/revisions\/8602"}],"wp:featuredmedia":[{"embeddable":true,"href":"https:\/\/krankenhauspfarramt.de\/index.php\/wp-json\/wp\/v2\/media\/8601"}],"wp:attachment":[{"href":"https:\/\/krankenhauspfarramt.de\/index.php\/wp-json\/wp\/v2\/media?parent=8600"}],"wp:term":[{"taxonomy":"category","embeddable":true,"href":"https:\/\/krankenhauspfarramt.de\/index.php\/wp-json\/wp\/v2\/categories?post=8600"},{"taxonomy":"post_tag","embeddable":true,"href":"https:\/\/krankenhauspfarramt.de\/index.php\/wp-json\/wp\/v2\/tags?post=8600"}],"curies":[{"name":"wp","href":"https:\/\/api.w.org\/{rel}","templated":true}]}}