{"id":8603,"date":"2025-09-19T14:08:03","date_gmt":"2025-09-19T14:08:03","guid":{"rendered":"https:\/\/krankenhauspfarramt.de\/index.php\/2025\/09\/19\/evangelische-kirche-warnt-vor-gefahren-durch-hybride-kriegsfuehrung-ekd\/"},"modified":"2025-09-19T14:08:05","modified_gmt":"2025-09-19T14:08:05","slug":"evangelische-kirche-warnt-vor-gefahren-durch-hybride-kriegsfuehrung-ekd","status":"publish","type":"post","link":"https:\/\/krankenhauspfarramt.de\/index.php\/2025\/09\/19\/evangelische-kirche-warnt-vor-gefahren-durch-hybride-kriegsfuehrung-ekd\/","title":{"rendered":"Evangelische Kirche warnt vor Gefahren durch hybride Kriegsf\u00fchrung \u2013 EKD"},"content":{"rendered":"<p> <br \/>\n<\/p>\n<div id=\"\">\n<div class=\"article--meta article--meta__border clearfix\">\n<p>                                    <time datetime=\"19.09.2025 12:00\" class=\"article--time\">19.09.2025<\/time><\/p>\n<p>                                     <strong class=\"article--type primus--overline\">Pressemitteilung<\/strong><\/p>\n<picture class=\"article--source-image image\"><source srcset=\"https:\/\/www.ekd.de\/ekd_de\/ds_img\/assets\/20170622_ekd-Quellenlogo_141_rdax_423x118.png\"><!--<source srcset=\"\/ekd_de\/ds_img\/assets\/20170622_ekd-Quellenlogo_141_rdax_141x39.png 1x, \/ekd_de\/ds_img\/assets\/20170622_ekd-Quellenlogo_141_rdax_282x78.png 2x, https:\/\/www.ekd.de\/ekd_de\/ds_img\/assets\/20170622_ekd-Quellenlogo_141_rdax_423x118.png 3x\">--><\/p>\n<p>    <\/source><\/picture>\n<\/p><\/div>\n<h2 class=\"article--sub-headline primus--sub-headline\">EKD-Ratsvorsitzende Bisch\u00f6fin Fehrs: \u201eGott will Frieden, nicht den Ausnahmezustand\u201c<\/h2>\n<\/p><\/div>\n<div id=\"\">\n<p>Zum bevorstehenden Weltfriedenstag der Vereinten Nationen (21. September) erinnert die Evangelische Kirche in Deutschland (EKD) daran, dass Gott die Menschen zum Frieden beruft. \u201eKrieg soll nach Gottes Willen nicht sein \u2013 das ist unser fester Glaube und zugleich ein klarer Auftrag\u201c, betonte die Ratsvorsitzende der EKD, Bisch\u00f6fin Kirsten Fehrs.<\/p>\n<p>In der Vorausschau auf die im November erscheinende Friedensdenkschrift \u201eDie Welt in Unordnung \u2013 Gerechter Friede im Blick\u201c warnt die EKD vor den Gefahren hybrider Kriegsf\u00fchrung. \u201eHybride Kriegsf\u00fchrung verwischt bewusst die Grenzen zwischen Krieg und Frieden. Sie zielt auf das, was Demokratien im Kern ausmacht: Vertrauen, Debatte und die St\u00e4rke des Rechtsstaats\u201c, erkl\u00e4rte Fehrs.<\/p>\n<p>Die Denkschrift thematisiert hybride Kriegsf\u00fchrung als vielschichtige Bedrohung, die Politik, Wirtschaft, Kultur und Milit\u00e4r miteinander verkn\u00fcpft und dabei gezielt Schwachstellen pluraler Gesellschaften ausnutzt \u2013 von Cyberangriffen \u00fcber Desinformation bis zur Unterwanderung \u00f6ffentlicher Diskurse. Besonders verletzlich seien Demokratien, weil sie auf offene Aushandlungsprozesse und informierte B\u00fcrgerinnen und B\u00fcrger angewiesen sind.<\/p>\n<p>Fehrs unterstreicht zum Weltfriedenstag auch die Verantwortung der Kirchen: \u201eWir d\u00fcrfen uns nicht an einen dauerhaften Modus der Angst gew\u00f6hnen, in dem Ausnahmezust\u00e4nde zur Normalit\u00e4t werden. Die Kirche ist berufen, Hoffnung zu geben, Resilienz zu st\u00e4rken und Menschen zu ermutigen, sich f\u00fcr Frieden und Freiheit einzusetzen. Denn Gott will Frieden, nicht den Ausnahmezustand.\u201c<\/p>\n<p>Die EKD fordert eine europ\u00e4ische Gesamtstrategie gegen hybride Bedrohungen und ruft zugleich die Zivilgesellschaft dazu auf, sich gemeinsam gegen Polarisierung und Desinformation zu stellen. Bildung, kritisches Denken und eine offene Gespr\u00e4chskultur seien unverzichtbar, um Frieden zu sichern.<\/p>\n<p>Die Friedensdenkschrift \u201eDie Welt in Unordnung \u2013 Gerechter Friede im Blick\u201c wird im November 2025 ver\u00f6ffentlicht. Sie kn\u00fcpft an die 2007 erschienene EKD-Friedensdenkschrift \u201eF\u00fcr gerechten Frieden sorgen\u201c an und stellt aktuelle friedensethische Fragen in den Mittelpunkt \u2013 von klassischen Kriegen bis zu neuen Bedrohungen wie Cyberattacken und hybrider Kriegsf\u00fchrung.<\/p>\n<p>Hannover, 19. September 2025<\/p>\n<p>Pressestelle der EKD<br \/>Carsten Splitt<\/p>\n<\/div>\n","protected":false},"excerpt":{"rendered":"<p>19.09.2025 Pressemitteilung EKD-Ratsvorsitzende Bisch\u00f6fin Fehrs: \u201eGott will Frieden, nicht den Ausnahmezustand\u201c Zum bevorstehenden Weltfriedenstag der Vereinten Nationen (21. September) erinnert<\/p>\n","protected":false},"author":2,"featured_media":8604,"comment_status":"closed","ping_status":"closed","sticky":false,"template":"","format":"standard","meta":{"footnotes":""},"categories":[20],"tags":[],"_links":{"self":[{"href":"https:\/\/krankenhauspfarramt.de\/index.php\/wp-json\/wp\/v2\/posts\/8603"}],"collection":[{"href":"https:\/\/krankenhauspfarramt.de\/index.php\/wp-json\/wp\/v2\/posts"}],"about":[{"href":"https:\/\/krankenhauspfarramt.de\/index.php\/wp-json\/wp\/v2\/types\/post"}],"author":[{"embeddable":true,"href":"https:\/\/krankenhauspfarramt.de\/index.php\/wp-json\/wp\/v2\/users\/2"}],"replies":[{"embeddable":true,"href":"https:\/\/krankenhauspfarramt.de\/index.php\/wp-json\/wp\/v2\/comments?post=8603"}],"version-history":[{"count":1,"href":"https:\/\/krankenhauspfarramt.de\/index.php\/wp-json\/wp\/v2\/posts\/8603\/revisions"}],"predecessor-version":[{"id":8605,"href":"https:\/\/krankenhauspfarramt.de\/index.php\/wp-json\/wp\/v2\/posts\/8603\/revisions\/8605"}],"wp:featuredmedia":[{"embeddable":true,"href":"https:\/\/krankenhauspfarramt.de\/index.php\/wp-json\/wp\/v2\/media\/8604"}],"wp:attachment":[{"href":"https:\/\/krankenhauspfarramt.de\/index.php\/wp-json\/wp\/v2\/media?parent=8603"}],"wp:term":[{"taxonomy":"category","embeddable":true,"href":"https:\/\/krankenhauspfarramt.de\/index.php\/wp-json\/wp\/v2\/categories?post=8603"},{"taxonomy":"post_tag","embeddable":true,"href":"https:\/\/krankenhauspfarramt.de\/index.php\/wp-json\/wp\/v2\/tags?post=8603"}],"curies":[{"name":"wp","href":"https:\/\/api.w.org\/{rel}","templated":true}]}}