{"id":8606,"date":"2025-09-19T18:09:12","date_gmt":"2025-09-19T18:09:12","guid":{"rendered":"https:\/\/krankenhauspfarramt.de\/index.php\/2025\/09\/19\/17-kirchliche-und-diakonische-traeger-erhalten-evangelisches-guetesiegel-familienorientierung-ekd\/"},"modified":"2025-09-19T18:09:16","modified_gmt":"2025-09-19T18:09:16","slug":"17-kirchliche-und-diakonische-traeger-erhalten-evangelisches-guetesiegel-familienorientierung-ekd","status":"publish","type":"post","link":"https:\/\/krankenhauspfarramt.de\/index.php\/2025\/09\/19\/17-kirchliche-und-diakonische-traeger-erhalten-evangelisches-guetesiegel-familienorientierung-ekd\/","title":{"rendered":"17 kirchliche und diakonische Tr\u00e4ger erhalten Evangelisches G\u00fctesiegel Familienorientierung \u2013 EKD"},"content":{"rendered":"<p> <br \/>\n<\/p>\n<div id=\"\">\n<div class=\"article--meta article--meta__border clearfix\">\n<p>                                    <time datetime=\"19.09.2025 13:45\" class=\"article--time\">19.09.2025<\/time><\/p>\n<p>                                     <strong class=\"article--type primus--overline\">Pressemitteilung<\/strong><\/p>\n<picture class=\"article--source-image image\"><source srcset=\"https:\/\/www.ekd.de\/ekd_de\/ds_img\/assets\/20170329_epd-Quellenlogo_141.png\"><!--<source srcset=\"https:\/\/www.ekd.de\/ekd_de\/ds_img\/assets\/20170329_epd-Quellenlogo_141.png 1x, https:\/\/www.ekd.de\/ekd_de\/ds_img\/assets\/20170329_epd-Quellenlogo_141.png 2x, https:\/\/www.ekd.de\/ekd_de\/ds_img\/assets\/20170329_epd-Quellenlogo_141.png 3x\">--><\/p>\n<p>    <\/source><\/picture>\n<\/p><\/div><\/div>\n<div id=\"\">\n<p>Eine familienfreundliche Unternehmenskultur ist mehr als ein blo\u00dfes \u201enice-to-have\u201c: Sie bildet einen zentralen Wettbewerbs- und Standortfaktor, der l\u00e4ngst als entscheidend f\u00fcr Fachkr\u00e4ftesicherung und nachhaltiges Wirtschaften gilt. Wie Unternehmen und Einrichtungen insbesondere im kirchlichen und diakonischen Bereich familienorientierte Strukturen gestalten k\u00f6nnen, stand im Fokus des diesj\u00e4hrigen Fachaustauschs mit feierlicher Verleihung des Evangelischen G\u00fctesiegels Familienorientierung. 17 Tr\u00e4gerorganisationen aus Diakonie und Kirche wurden am heutigen Freitag in Berlin mit dem G\u00fctesiegel Familienorientierung ausgezeichnet. Zw\u00f6lf konnten das Siegel erneut erfolgreich erwerben, f\u00fcnf Einrichtungen wurden erstmals zertifiziert.<\/p>\n<p>Elke Ronneberger, Bundesvorst\u00e4ndin Sozialpolitik der Diakonie Deutschland: \u201eMit dem Evangelischen G\u00fctesiegel Familienorientierung haben wir ein Instrument geschaffen, das Familienfreundlichkeit nachhaltig in der Personalpolitik evangelischer und diakonischer Einrichtungen verankert. Davon profitieren nicht nur Mitarbeitende und ihre Familien, sondern auch die Tr\u00e4ger selbst \u2013 durch qualifizierte Bewerbungen, sinkende Fehlzeiten und st\u00e4rkere Bindung. In Zeiten von Fachkr\u00e4ftemangel und demografischem Wandel stellen sich Kirche und Diakonie damit zukunftsorientiert und attraktiv als Arbeitgeberinnen f\u00fcr Menschen mit Familienverantwortung auf.\u201c<\/p>\n<p>Seit neun Jahren ermutigt und unterst\u00fctzt das Evangelische G\u00fctesiegel Familienorientierung Tr\u00e4ger, Einrichtungen und Dienste, ihre Personalpolitik familienorientiert weiterzuentwickeln und nach innen und au\u00dfen sichtbar zu machen.<\/p>\n<p>Josephine Teske, Schirmherrin des G\u00fctesiegels und Mitglied des Rates der Evangelischen Kirche in Deutschland (EKD), betont: \u201eFamilien tragen in allen Phasen des Lebens viel Verantwortung: wenn Kinder klein sind, in der Schulzeit, aber auch, wenn Angeh\u00f6rige gepflegt oder besondere Belastungen gemeinsam bew\u00e4ltigt werden m\u00fcssen. Gerade dort brauchen sie R\u00e4ume, in denen sie Entlastung, Wertsch\u00e4tzung und Unterst\u00fctzung erfahren. In Zeiten, in denen die Vereinbarkeit von Beruf, Sorgearbeit und pers\u00f6nlicher Lebensgestaltung oft zur Zerrei\u00dfprobe wird, ist es ein wichtiges Zeichen, wenn kirchliche und diakonische Einrichtungen hier Orientierung geben. Wenn Einrichtungen familienfreundlich handeln, schenken sie nicht nur praktische Unterst\u00fctzung, sondern machen Gottes Zusage sp\u00fcrbar, dass niemand allein bleibt.\u201c<\/p>\n<p><strong>Hintergrund:<\/strong><br \/>Das \u201eEvangelische G\u00fctesiegel Familienorientierung\u201c zeichnet Unternehmen, Einrichtungen und Dienste aus, die sich vorbildhaft f\u00fcr die Vereinbarkeit von Familie und Beruf einsetzen und damit ein klares Zeichen f\u00fcr Arbeitgeberattraktivit\u00e4t und soziale Verantwortung setzen. Inzwischen sind 65 Tr\u00e4ger, Einrichtungen und Dienste unterschiedlicher Gr\u00f6\u00dfe \u2013 von Kirchengemeinden und Bildungseinrichtungen bis hin zu Krankenh\u00e4usern und gro\u00dfen diakonischen Tr\u00e4gern \u2013mit dem Evangelischen G\u00fctesiegel Familienorientierung ausgezeichnet worden. Sie bieten ihren Mitarbeitenden vielf\u00e4ltige familienfreundliche Ma\u00dfnahmen, darunter flexible Arbeitszeiten, mobile Arbeitsm\u00f6glichkeiten, Sonderurlaub bei famili\u00e4ren Anl\u00e4ssen, Gesundheitsangebote sowie weitere unterst\u00fctzende Leistungen.<\/p>\n<p><strong>Die 17 Zertifikatstr\u00e4ger:<\/strong><\/p>\n<ul>\n<li>Agaplesion Mitteldeutschland gGmbH<\/li>\n<li>Stiftung Diakonissenhaus Friedenshort, Evang. Jugendhilfe Friedenshort GmbH<\/li>\n<li>Evangelisches Studienwerk e.V.<\/li>\n<li>Evangelische Hochschule N\u00fcrnberg<\/li>\n<li>Evangelische Hochschule Darmstadt<\/li>\n<li>v. Bodelschwinghsche Stiftungen Bethel<\/li>\n<li>Diakonisches Werk Schleswig-Holstein Landesverband der Inneren Mission e.V.<\/li>\n<li>Diakonisches Werk Kassel<\/li>\n<li>v. Bodelschwinghsche Stiftungen Bethel Stiftung Eben-Ezer<\/li>\n<li>Landeskirchenamt Nordkirche (Hauptbereich Generationen und Geschlechter)<\/li>\n<li>Ev.-Luth. Kirchenkreis Hamburg-West\/S\u00fcdholstein (Hauptbereich Generationen und Geschlechter)<\/li>\n<li>Graf Recke Wohnen &amp; Pflege, Haus Reckeblick Pflege- und Therapiezentrum<\/li>\n<li>Evangelischer Kirchenkreisverband S\u00fcd Verwaltungsamt<\/li>\n<li>Diakoniewerk Simeon<\/li>\n<li>Bruderhaus Diakonie<\/li>\n<li>Arche Volksdorf<\/li>\n<li>Kinder- und Beratungszentrum Sauerland<\/li>\n<\/ul>\n<p>Weitere Informationen: www.g\u00fctesiegel-familienorientierung.de.<\/p>\n<p>F\u00fcr R\u00fcckfragen und weitere Informationen stehen wir Ihnen gerne zur Verf\u00fcgung.<\/p>\n<p><strong>Kontakt:<\/strong><\/p>\n<p>Kathrin Klinkusch, Pressesprecherin Diakonie Deutschland, Tel. +49 30 65211-1878, E-Mail: kathrin.klinkusch@diakonie.de, www.diakonie.de<\/p>\n<p>Lisa Schaube, Pressesprecherin Evangelische Kirche in Deutschland (EKD), Tel. +49 511 2796 8320, presse@ekd.de, www.ekd.de<\/p>\n<p>Hannover, 19. September 2025<\/p>\n<p>Pressestelle der EKD<br \/>Lisa Schaube<\/p>\n<\/div>\n","protected":false},"excerpt":{"rendered":"<p>19.09.2025 Pressemitteilung Eine familienfreundliche Unternehmenskultur ist mehr als ein blo\u00dfes \u201enice-to-have\u201c: Sie bildet einen zentralen Wettbewerbs- und Standortfaktor, der l\u00e4ngst<\/p>\n","protected":false},"author":2,"featured_media":8607,"comment_status":"closed","ping_status":"closed","sticky":false,"template":"","format":"standard","meta":{"footnotes":""},"categories":[20],"tags":[],"_links":{"self":[{"href":"https:\/\/krankenhauspfarramt.de\/index.php\/wp-json\/wp\/v2\/posts\/8606"}],"collection":[{"href":"https:\/\/krankenhauspfarramt.de\/index.php\/wp-json\/wp\/v2\/posts"}],"about":[{"href":"https:\/\/krankenhauspfarramt.de\/index.php\/wp-json\/wp\/v2\/types\/post"}],"author":[{"embeddable":true,"href":"https:\/\/krankenhauspfarramt.de\/index.php\/wp-json\/wp\/v2\/users\/2"}],"replies":[{"embeddable":true,"href":"https:\/\/krankenhauspfarramt.de\/index.php\/wp-json\/wp\/v2\/comments?post=8606"}],"version-history":[{"count":1,"href":"https:\/\/krankenhauspfarramt.de\/index.php\/wp-json\/wp\/v2\/posts\/8606\/revisions"}],"predecessor-version":[{"id":8608,"href":"https:\/\/krankenhauspfarramt.de\/index.php\/wp-json\/wp\/v2\/posts\/8606\/revisions\/8608"}],"wp:featuredmedia":[{"embeddable":true,"href":"https:\/\/krankenhauspfarramt.de\/index.php\/wp-json\/wp\/v2\/media\/8607"}],"wp:attachment":[{"href":"https:\/\/krankenhauspfarramt.de\/index.php\/wp-json\/wp\/v2\/media?parent=8606"}],"wp:term":[{"taxonomy":"category","embeddable":true,"href":"https:\/\/krankenhauspfarramt.de\/index.php\/wp-json\/wp\/v2\/categories?post=8606"},{"taxonomy":"post_tag","embeddable":true,"href":"https:\/\/krankenhauspfarramt.de\/index.php\/wp-json\/wp\/v2\/tags?post=8606"}],"curies":[{"name":"wp","href":"https:\/\/api.w.org\/{rel}","templated":true}]}}