{"id":8609,"date":"2025-09-22T14:55:11","date_gmt":"2025-09-22T14:55:11","guid":{"rendered":"https:\/\/krankenhauspfarramt.de\/index.php\/2025\/09\/22\/evangelische-kirche-warnt-vor-gefahren-hybrider-kriege-fuer-demokratie-ekd\/"},"modified":"2025-09-22T14:55:12","modified_gmt":"2025-09-22T14:55:12","slug":"evangelische-kirche-warnt-vor-gefahren-hybrider-kriege-fuer-demokratie-ekd","status":"publish","type":"post","link":"https:\/\/krankenhauspfarramt.de\/index.php\/2025\/09\/22\/evangelische-kirche-warnt-vor-gefahren-hybrider-kriege-fuer-demokratie-ekd\/","title":{"rendered":"Evangelische Kirche warnt vor Gefahren hybrider Kriege f\u00fcr Demokratie \u2013 EKD"},"content":{"rendered":"<p> <br \/>\n<\/p>\n<div id=\"\">\n        <!-- RSPEAK_START --><\/p>\n<header class=\"large-10 columns article--header\">\n<div class=\"article--meta article--meta__border clearfix\">\n<p>                                    <time datetime=\"19.09.2025 13:00\" class=\"article--time\">19.09.2025<\/time><\/p>\n<p>                                    <strong class=\"article--type primus--overline\">News<\/strong><\/p>\n<picture class=\"article--source-image image\"><source srcset=\"https:\/\/www.ekd.de\/ekd_de\/ds_img\/assets\/20170329_epd-Quellenlogo_141.png\"><!--<source srcset=\"https:\/\/www.ekd.de\/ekd_de\/ds_img\/assets\/20170329_epd-Quellenlogo_141.png 1x, https:\/\/www.ekd.de\/ekd_de\/ds_img\/assets\/20170329_epd-Quellenlogo_141.png 2x, https:\/\/www.ekd.de\/ekd_de\/ds_img\/assets\/20170329_epd-Quellenlogo_141.png 3x\">--><\/p>\n<p>    <\/source><\/picture>\n<\/p><\/div>\n<\/header>\n<div class=\"large-8 columns large-offset-1 \">\n<p>Hannover (epd). Die Evangelische Kirche in Deutschland (EKD) hat vor den Gefahren hybrider Kriegsf\u00fchrung gewarnt. Diese Art Krieg \u201ezielt auf das, was Demokratien im Kern ausmacht: Vertrauen, Debatte und die St\u00e4rke des Rechtsstaats\u201c, sagte die EKD-Ratsvorsitzende Kirsten Fehrs am Freitag in Hannover anl\u00e4sslich des UN-Weltfriedenstags am Sonntag.<\/p>\n<p>Mit Cyberangriffen, Desinformation und der Unterwanderung \u00f6ffentlicher Diskurse nutze hybride Kriegsf\u00fchrung gezielt die Schwachstellen pluraler Gesellschaften, teilte die EKD weiter mit. Demokratien seien in hybriden Kriegen besonders verletzlich, weil sie auf offene Aushandlungsprozesse und informierte B\u00fcrgerinnen und B\u00fcrger angewiesen seien. Die EKD verwies auf ihre Friedensdenkschrift \u201eDie Welt in Unordnung &#8211; Gerechter Friede im Blick\u201c, deren Ver\u00f6ffentlichung f\u00fcr November geplant ist.<\/p>\n<p>Fehrs sagte, die Menschen d\u00fcrften sich \u201enicht an einen dauerhaften Modus der Angst gew\u00f6hnen, in dem Ausnahmezust\u00e4nde zur Normalit\u00e4t werden\u201c. Die Kirche sei berufen, Hoffnung zu geben, Resilienz zu st\u00e4rken und Menschen zu ermutigen, sich f\u00fcr Frieden und Freiheit einzusetzen.<\/p>\n<\/p><\/div>\n<section class=\"large-12 columns article--section article--aside__bottom\">\n    <!-- Test for teaser --><br \/>\n    <!--Val: 1 --><\/p>\n<p>                    \t    <!-- SRC:  --><\/p>\n<aside class=\"article--aside quintus teaser teaser__related rs_skip rs_preserve\">\n<div class=\"teaser--article teaser--content\">\n<figure class=\"teaser--image\">\n                                                    <picture><source media=\"(max-width:935px)\" srcset=\"https:\/\/www.ekd.de\/ekd_de\/ds_img\/assets_1875_x\/Teaserbild_Friedensdenkschrift2_rdax_625x352_60s.jpg 1x, https:\/\/www.ekd.de\/ekd_de\/ds_img\/assets_1875_x\/Teaserbild_Friedensdenkschrift2_rdax_1250x704_60s.jpg 2x, https:\/\/www.ekd.de\/ekd_de\/ds_img\/assets_1875_x\/Teaserbild_Friedensdenkschrift2_rdax_60s.jpg 3x\"><source media=\"(min-width:934px)\" srcset=\"https:\/\/www.ekd.de\/ekd_de\/ds_img\/assets_1875_x\/Teaserbild_Friedensdenkschrift2_rdax_360x203_70s.jpg 1x, https:\/\/www.ekd.de\/ekd_de\/ds_img\/assets_1875_x\/Teaserbild_Friedensdenkschrift2_rdax_720x406_70s.jpg 2x, https:\/\/www.ekd.de\/ekd_de\/ds_img\/assets_1875_x\/Teaserbild_Friedensdenkschrift2_rdax_1080x608_70s.jpg 3x\"><img decoding=\"async\" src=\"https:\/\/www.ekd.de\/ekd_de\/ds_img\/assets_1875_x\/Teaserbild_Friedensdenkschrift2_rdax_625x352_60s.jpg\" alt=\"Teaserbild - Friedensdenkschrift\"\/><br \/>\n                                                    <\/source><\/source><\/picture><figcaption\/>\n                                                <\/figure>\n<p class=\"quintus--text teaser--text\">Die Denkschrift zeigt auf, wie sich Friedenspolitik am Leitgedanken des gerechten Friedens orientieren kann.<\/p>\n<\/p><\/div>\n<\/aside>\n<div class=\"article--content\">\n<p>Die EKD forderte eine europ\u00e4ische Gesamtstrategie gegen hybride Bedrohungen. Zugleich m\u00fcsse sich die Zivilgesellschaft gemeinsam gegen Desinformation zu stellen. Um Frieden zu sichern, seien Bildung, kritisches Denken und eine offene Gespr\u00e4chskultur unverzichtbar.<\/p>\n<\/p><\/div>\n<\/section>\n<p>        <!-- RSPEAK_STOP --><\/p>\n<footer class=\"article--footer\">\n<\/footer><\/div>\n","protected":false},"excerpt":{"rendered":"<p>19.09.2025 News Hannover (epd). Die Evangelische Kirche in Deutschland (EKD) hat vor den Gefahren hybrider Kriegsf\u00fchrung gewarnt. Diese Art Krieg<\/p>\n","protected":false},"author":2,"featured_media":7501,"comment_status":"closed","ping_status":"closed","sticky":false,"template":"","format":"standard","meta":{"footnotes":""},"categories":[20],"tags":[],"_links":{"self":[{"href":"https:\/\/krankenhauspfarramt.de\/index.php\/wp-json\/wp\/v2\/posts\/8609"}],"collection":[{"href":"https:\/\/krankenhauspfarramt.de\/index.php\/wp-json\/wp\/v2\/posts"}],"about":[{"href":"https:\/\/krankenhauspfarramt.de\/index.php\/wp-json\/wp\/v2\/types\/post"}],"author":[{"embeddable":true,"href":"https:\/\/krankenhauspfarramt.de\/index.php\/wp-json\/wp\/v2\/users\/2"}],"replies":[{"embeddable":true,"href":"https:\/\/krankenhauspfarramt.de\/index.php\/wp-json\/wp\/v2\/comments?post=8609"}],"version-history":[{"count":1,"href":"https:\/\/krankenhauspfarramt.de\/index.php\/wp-json\/wp\/v2\/posts\/8609\/revisions"}],"predecessor-version":[{"id":8610,"href":"https:\/\/krankenhauspfarramt.de\/index.php\/wp-json\/wp\/v2\/posts\/8609\/revisions\/8610"}],"wp:featuredmedia":[{"embeddable":true,"href":"https:\/\/krankenhauspfarramt.de\/index.php\/wp-json\/wp\/v2\/media\/7501"}],"wp:attachment":[{"href":"https:\/\/krankenhauspfarramt.de\/index.php\/wp-json\/wp\/v2\/media?parent=8609"}],"wp:term":[{"taxonomy":"category","embeddable":true,"href":"https:\/\/krankenhauspfarramt.de\/index.php\/wp-json\/wp\/v2\/categories?post=8609"},{"taxonomy":"post_tag","embeddable":true,"href":"https:\/\/krankenhauspfarramt.de\/index.php\/wp-json\/wp\/v2\/tags?post=8609"}],"curies":[{"name":"wp","href":"https:\/\/api.w.org\/{rel}","templated":true}]}}