{"id":8614,"date":"2025-09-22T22:59:09","date_gmt":"2025-09-22T22:59:09","guid":{"rendered":"https:\/\/krankenhauspfarramt.de\/index.php\/2025\/09\/22\/steinmeier-erinnert-an-500-jahre-taeuferbewegung-ekd\/"},"modified":"2025-09-22T22:59:11","modified_gmt":"2025-09-22T22:59:11","slug":"steinmeier-erinnert-an-500-jahre-taeuferbewegung-ekd","status":"publish","type":"post","link":"https:\/\/krankenhauspfarramt.de\/index.php\/2025\/09\/22\/steinmeier-erinnert-an-500-jahre-taeuferbewegung-ekd\/","title":{"rendered":"Steinmeier erinnert an 500 Jahre T\u00e4uferbewegung \u2013 EKD"},"content":{"rendered":"<p> <br \/>\n<\/p>\n<div>\n<p>Mit einem Festakt und einem \u00f6kumenischen Festgottesdienst ist am Sonntag in Hamburg das 500-j\u00e4hrige Bestehen der christlichen T\u00e4uferbewegung gefeiert worden. Zu den rund 400 G\u00e4sten des Festaktes in der Christuskirche der Baptistengemeinde Hamburg-Altona z\u00e4hlten auch Bundespr\u00e4sident Frank-Walter Steinmeier und die Ratsvorsitzende der Evangelischen Kirche in Deutschland (EKD), Kirsten Fehrs.<\/p>\n<p>Vielen Menschen sage der Begriff T\u00e4ufer heute kaum noch etwas, dabei habe diese vielf\u00e4ltige Gemeinschaft \u201egro\u00dfe Ideen mit in die Welt gebracht\u201c, sagte Steinmeier in seiner Rede. Zentrale Ziele der Bewegung seien individuelle religi\u00f6se Freiheit und ein Verlangen nach gr\u00f6\u00dferer sozialer Gerechtigkeit gewesen. Ihre Tradition der Gewaltlosigkeit, der M\u00fcndigkeit jedes Einzelnen und der Freiheit sei \u201eein kostbares Erbe\u201c, sagte Steinmeier.<\/p>\n<p>Die T\u00e4ufer h\u00e4tten M\u00fcndigkeit nie als das verstanden, \u201ewas wir heute mit einer Prise Egoismus &#8218;Selfcare&#8216; nennen\u201c, so der Bundespr\u00e4sident. F\u00fcr sie bedeutete es, Verantwortung f\u00fcr andere und das Gemeinwohl zu \u00fcbernehmen. In einer Zeit beispielloser Vielfalt in der Gesellschaft brauche die Demokratie m\u00fcndige B\u00fcrgerinnen und B\u00fcrger, die \u201eVerantwortung f\u00fcr die Gemeinschaft \u00fcbernehmen\u201c, um Unterschiede als Bereicherung zu erleben, sagte Steinmeier.<\/p>\n<p>Auch das Ideal der Gewaltlosigkeit der T\u00e4uferbewegung sei wichtig in einer Zeit, in der die Demokratie bedrohlich stark angefochten werde. \u201eWir sind aufgerufen, miteinander zivil und mit Argumenten und Respekt gleicherma\u00dfen um die beste L\u00f6sung zu streiten\u201c, sagte der Bundespr\u00e4sident.<\/p>\n<p>Astrid von Schlachta vom Verein \u201eGewagt! 500 Jahre T\u00e4uferbewegung 1525-2025\u201c sagte, ein Anliegen der Jubil\u00e4umsfeier sei es, \u201enicht in der Geschichte stehenzubleiben, sondern ins Heute zu gehen\u201c. Die Bewegung stehe seit jeher f\u00fcr die Freiheit des Glaubens und die Ablehnung von Gewalt. \u201eDie T\u00e4ufer mahnen uns, Freiheit nicht aufs Spiel zu setzen.\u201c<\/p>\n<p>Aktuell seien Ausgrenzung und Moralisierung \u201ean der Tagesordnung\u201c, Feindbilder h\u00e4tten Hochkonjunktur. Wer Anderen Freiheit zugestehe, m\u00fcsse jedoch zuh\u00f6ren und andere Meinungen respektieren. \u201eIn einer Demokratie und auch in christlichen Gemeinden kann es nie nur eine Meinung geben\u201c, sagte von Schlachta.<\/p>\n<p>Als Geburtsstunde der T\u00e4uferbewegung gilt die erste Glaubenstaufe am 21. Januar 1525 in Z\u00fcrich. Die T\u00e4ufer setzten sich f\u00fcr radikalere soziale Reformen im Christentum ein als etwa die Reformatoren Martin Luther und Huldrych Zwingli. Sie traten f\u00fcr eine geschwisterliche Kirche ohne Hierarchie und Klerus ein. Seit dem 16. Jahrhundert wurden die T\u00e4ufer verfolgt, Tausende starben. Viele Anh\u00e4nger emigrierten, vor allem nach Nordamerika. Allen t\u00e4uferischen Str\u00f6mungen gemeinsam sind die Erwachsenentaufe und die strikte Ablehnung von Gewalt.<\/p>\n<p>\u00dcber Jahrhunderte h\u00e4tten die T\u00e4uferinnen und T\u00e4ufer als \u201eSchw\u00e4rmer\u201c gegolten und seien als Nonkonformisten ausgegrenzt worden, sagte Andrea Str\u00fcbind, Professorin f\u00fcr Kirchengeschichte an der Universit\u00e4t Oldenburg, in ihrer Rede. Dabei k\u00f6nne auch Deutschland von Minderheiten mit alternativen Denkweisen profitieren: Sie b\u00f6ten ein innovatives Potenzial f\u00fcr gesellschaftliche Ver\u00e4nderungen. Doch viel zu lange h\u00e4tten sich t\u00e4uferischen Minderheitenkirchen aus Politik und Gesellschaft zur\u00fcckgehalten, sagte Str\u00fcbind.<\/p>\n<\/p><\/div>\n<div id=\"\">\n    <!-- Test for teaser --><br \/>\n    <!--Val: 1 --><\/p>\n<p>                    \t    <!-- SRC:  --><\/p>\n<aside class=\"article--aside quintus teaser teaser__related rs_skip rs_preserve\">\n<div class=\"teaser--article teaser--content\">\n<figure class=\"teaser--image\">\n                                                    <picture><source media=\"(max-width:935px)\" srcset=\"https:\/\/www.ekd.de\/ekd_de\/ds_img\/assets_1875_x\/220226_pixabay_martin-luther-1875_rdax_625x352_60s.jpg 1x, https:\/\/www.ekd.de\/ekd_de\/ds_img\/assets_1875_x\/220226_pixabay_martin-luther-1875_rdax_1250x704_60s.jpg 2x, https:\/\/www.ekd.de\/ekd_de\/ds_img\/assets_1875_x\/220226_pixabay_martin-luther-1875_rdax_60s.jpg 3x\"><source media=\"(min-width:934px)\" srcset=\"https:\/\/www.ekd.de\/ekd_de\/ds_img\/assets_1875_x\/220226_pixabay_martin-luther-1875_rdax_360x203_70s.jpg 1x, https:\/\/www.ekd.de\/ekd_de\/ds_img\/assets_1875_x\/220226_pixabay_martin-luther-1875_rdax_720x406_70s.jpg 2x, https:\/\/www.ekd.de\/ekd_de\/ds_img\/assets_1875_x\/220226_pixabay_martin-luther-1875_rdax_1080x608_70s.jpg 3x\"><\/source><\/source><\/picture><figcaption\/>\n                                                <\/figure>\n<p class=\"quintus--text teaser--text\">Die Reformation war eine religi\u00f6se Bewegung in Europa im 16. Jahrhundert. Einer der wichtigsten Reformatoren war Martin Luther. Er wollte die Kirche reformieren, also erneuern, und nicht spalten.<\/p>\n<\/p><\/div>\n<\/aside>\n<div class=\"article--content\">\n<p>Besonders jetzt sei der Ruf nach Friedenst\u00fcchtigkeit unverzichtbar im \u00f6ffentlichen Diskurs, erg\u00e4nzte von Schlachta. Die t\u00e4uferische Geschichte habe gezeigt: \u201eGewalt beginnt viel fr\u00fcher als mit der t\u00e4tlichen Attacke\u201c. Sie beginne bereits dort, wo andere beschimpft werden. Der Ruf nach Friedenst\u00fcchtigkeit d\u00fcrfe nicht als \u201enaiv\u201c stigmatisiert werden, auch wenn er nur eine Mahnung zur Besonnenheit im allgegenw\u00e4rtigen Kriegsgeheul sei. \u201eDie leise Stimme ist stets eine wichtige und n\u00f6tige Stimme\u201c, sagte von Schlachta.<\/p>\n<\/p><\/div>\n<\/div>\n","protected":false},"excerpt":{"rendered":"<p>Mit einem Festakt und einem \u00f6kumenischen Festgottesdienst ist am Sonntag in Hamburg das 500-j\u00e4hrige Bestehen der christlichen T\u00e4uferbewegung gefeiert worden.<\/p>\n","protected":false},"author":2,"featured_media":8615,"comment_status":"closed","ping_status":"closed","sticky":false,"template":"","format":"standard","meta":{"footnotes":""},"categories":[20],"tags":[],"_links":{"self":[{"href":"https:\/\/krankenhauspfarramt.de\/index.php\/wp-json\/wp\/v2\/posts\/8614"}],"collection":[{"href":"https:\/\/krankenhauspfarramt.de\/index.php\/wp-json\/wp\/v2\/posts"}],"about":[{"href":"https:\/\/krankenhauspfarramt.de\/index.php\/wp-json\/wp\/v2\/types\/post"}],"author":[{"embeddable":true,"href":"https:\/\/krankenhauspfarramt.de\/index.php\/wp-json\/wp\/v2\/users\/2"}],"replies":[{"embeddable":true,"href":"https:\/\/krankenhauspfarramt.de\/index.php\/wp-json\/wp\/v2\/comments?post=8614"}],"version-history":[{"count":1,"href":"https:\/\/krankenhauspfarramt.de\/index.php\/wp-json\/wp\/v2\/posts\/8614\/revisions"}],"predecessor-version":[{"id":8616,"href":"https:\/\/krankenhauspfarramt.de\/index.php\/wp-json\/wp\/v2\/posts\/8614\/revisions\/8616"}],"wp:featuredmedia":[{"embeddable":true,"href":"https:\/\/krankenhauspfarramt.de\/index.php\/wp-json\/wp\/v2\/media\/8615"}],"wp:attachment":[{"href":"https:\/\/krankenhauspfarramt.de\/index.php\/wp-json\/wp\/v2\/media?parent=8614"}],"wp:term":[{"taxonomy":"category","embeddable":true,"href":"https:\/\/krankenhauspfarramt.de\/index.php\/wp-json\/wp\/v2\/categories?post=8614"},{"taxonomy":"post_tag","embeddable":true,"href":"https:\/\/krankenhauspfarramt.de\/index.php\/wp-json\/wp\/v2\/tags?post=8614"}],"curies":[{"name":"wp","href":"https:\/\/api.w.org\/{rel}","templated":true}]}}