{"id":8617,"date":"2025-09-23T03:01:56","date_gmt":"2025-09-23T03:01:56","guid":{"rendered":"https:\/\/krankenhauspfarramt.de\/index.php\/2025\/09\/23\/kirchliche-hilfswerke-warnen-vor-kuerzungen-bei-entwicklungshilfe-ekd\/"},"modified":"2025-09-23T03:01:57","modified_gmt":"2025-09-23T03:01:57","slug":"kirchliche-hilfswerke-warnen-vor-kuerzungen-bei-entwicklungshilfe-ekd","status":"publish","type":"post","link":"https:\/\/krankenhauspfarramt.de\/index.php\/2025\/09\/23\/kirchliche-hilfswerke-warnen-vor-kuerzungen-bei-entwicklungshilfe-ekd\/","title":{"rendered":"Kirchliche Hilfswerke warnen vor K\u00fcrzungen bei Entwicklungshilfe \u2013 EKD"},"content":{"rendered":"<p> <br \/>\n<\/p>\n<div>\n<p>Vor den in dieser Woche anstehenden Haushaltsberatungen des Bundestags wenden sich die gro\u00dfen kirchlichen Hilfswerke mit einem eindringlichen Appell an die Abgeordneten. Die vorgesehenen K\u00fcrzungen bei Entwicklungszusammenarbeit und humanit\u00e4rer Hilfe w\u00fcrden die weltweite Not drastisch verschlimmern, warnten \u201eBrot f\u00fcr die Welt\u201c, Caritas International, Diakonie Katastrophenhilfe und Misereor in einer gemeinsamen Erkl\u00e4rung am Montag.<\/p>\n<p>\u201eAngesichts von weltweit etwa 700 Millionen hungernden Menschen, eskalierenden Krisen und mehr als 300 Millionen Menschen, die auf humanit\u00e4re Hilfe angewiesen sind, ist ein R\u00fcckzug Deutschlands aus der internationalen Verantwortung das falsche Signal\u201c, hie\u00df es. Es brauche eine verl\u00e4ssliche Finanzierung statt weiterer K\u00fcrzungen.<\/p>\n<p>Der Etat des Bundesministeriums f\u00fcr wirtschaftliche Zusammenarbeit und Entwicklung solle auf 9,9 Milliarden Euro sinken, also fast 30 Prozent weniger als 2022 und damit auf ein Zehn-Jahres-Tief, beklagten die Hilfswerke. Die K\u00fcrzungen bei der humanit\u00e4ren Hilfe seien noch drastischer: Dort sei der Etat seit 2022 um 60 Prozent auf nur eine Milliarde Euro f\u00fcr 2026 geschrumpft. \u201eDie massiven K\u00fcrzungen kosten bereits heute Menschenleben\u201c, mahnten die Organisationen. Viele Hilfsprojekte st\u00fcnden vor dem Aus.<\/p>\n<p>Der aktuelle Abw\u00e4rtstrend bei der Finanzierung von Entwicklungszusammenarbeit und humanit\u00e4rer Hilfe erschwere die Arbeit extrem, erkl\u00e4rte Dagmar Pruin, Pr\u00e4sidentin von \u201eBrot f\u00fcr die Welt\u201c und Diakonie Katastrophenhilfe. Gerade in Regionen, die staatliche Strukturen nicht erreichten, sei diese Hilfe aber lebenswichtig.<\/p>\n<p>\u201eDen geplanten massiven K\u00fcrzungen stehen schreckliche Realit\u00e4ten gegen\u00fcber: eine Zunahme von Konflikten und Kriegen, von klimabedingten D\u00fcrren und \u00dcberschwemmungen, steigenden Zahlen von Menschen, die Hunger leiden und unterern\u00e4hrt sind\u201c, erg\u00e4nzte Misereor-Hauptgesch\u00e4ftsf\u00fchrer Andreas Frick. Geld f\u00fcr notwendige Projekte in den Bereichen Anpassung an die Klimakrise, Gesundheitsversorgung und Ern\u00e4hrungssicherung fehle, Menschen w\u00fcrden ohne Zukunftsperspektiven zur\u00fcckgelassen. \u201eDas wird ohne Zweifel weitreichende Konsequenzen f\u00fcr Frieden und Sicherheit weltweit haben, auch f\u00fcr uns in Deutschland.\u201c<\/p>\n<p>Der Bundestag nimmt am Dienstag die Beratungen zum Haushaltsentwurf 2026 auf. Der Einzeletat f\u00fcr das Entwicklungsministerium steht f\u00fcr Mittwoch auf der Tagesordnung.<\/p>\n<\/p><\/div>\n","protected":false},"excerpt":{"rendered":"<p>Vor den in dieser Woche anstehenden Haushaltsberatungen des Bundestags wenden sich die gro\u00dfen kirchlichen Hilfswerke mit einem eindringlichen Appell an<\/p>\n","protected":false},"author":2,"featured_media":7583,"comment_status":"closed","ping_status":"closed","sticky":false,"template":"","format":"standard","meta":{"footnotes":""},"categories":[20],"tags":[],"_links":{"self":[{"href":"https:\/\/krankenhauspfarramt.de\/index.php\/wp-json\/wp\/v2\/posts\/8617"}],"collection":[{"href":"https:\/\/krankenhauspfarramt.de\/index.php\/wp-json\/wp\/v2\/posts"}],"about":[{"href":"https:\/\/krankenhauspfarramt.de\/index.php\/wp-json\/wp\/v2\/types\/post"}],"author":[{"embeddable":true,"href":"https:\/\/krankenhauspfarramt.de\/index.php\/wp-json\/wp\/v2\/users\/2"}],"replies":[{"embeddable":true,"href":"https:\/\/krankenhauspfarramt.de\/index.php\/wp-json\/wp\/v2\/comments?post=8617"}],"version-history":[{"count":1,"href":"https:\/\/krankenhauspfarramt.de\/index.php\/wp-json\/wp\/v2\/posts\/8617\/revisions"}],"predecessor-version":[{"id":8618,"href":"https:\/\/krankenhauspfarramt.de\/index.php\/wp-json\/wp\/v2\/posts\/8617\/revisions\/8618"}],"wp:featuredmedia":[{"embeddable":true,"href":"https:\/\/krankenhauspfarramt.de\/index.php\/wp-json\/wp\/v2\/media\/7583"}],"wp:attachment":[{"href":"https:\/\/krankenhauspfarramt.de\/index.php\/wp-json\/wp\/v2\/media?parent=8617"}],"wp:term":[{"taxonomy":"category","embeddable":true,"href":"https:\/\/krankenhauspfarramt.de\/index.php\/wp-json\/wp\/v2\/categories?post=8617"},{"taxonomy":"post_tag","embeddable":true,"href":"https:\/\/krankenhauspfarramt.de\/index.php\/wp-json\/wp\/v2\/tags?post=8617"}],"curies":[{"name":"wp","href":"https:\/\/api.w.org\/{rel}","templated":true}]}}