{"id":8619,"date":"2025-09-23T11:21:26","date_gmt":"2025-09-23T11:21:26","guid":{"rendered":"https:\/\/krankenhauspfarramt.de\/index.php\/2025\/09\/23\/juedisches-neujahrsfest-faellt-in-unruhige-und-traurige-zeiten-ekd\/"},"modified":"2025-09-23T11:21:29","modified_gmt":"2025-09-23T11:21:29","slug":"juedisches-neujahrsfest-faellt-in-unruhige-und-traurige-zeiten-ekd","status":"publish","type":"post","link":"https:\/\/krankenhauspfarramt.de\/index.php\/2025\/09\/23\/juedisches-neujahrsfest-faellt-in-unruhige-und-traurige-zeiten-ekd\/","title":{"rendered":"J\u00fcdisches Neujahrsfest f\u00e4llt in unruhige und traurige Zeiten \u2013 EKD"},"content":{"rendered":"<p> <br \/>\n<\/p>\n<div id=\"\">\n        <!-- RSPEAK_START --><\/p>\n<header class=\"large-10 columns article--header\">\n<div class=\"article--meta article--meta__border clearfix\">\n<p>                                    <time datetime=\"22.09.2025 13:00\" class=\"article--time\">22.09.2025<\/time><\/p>\n<p>                                    <strong class=\"article--type primus--overline\">News<\/strong><\/p>\n<picture class=\"article--source-image image\"><source srcset=\"https:\/\/www.ekd.de\/ekd_de\/ds_img\/assets\/20170329_epd-Quellenlogo_141.png\"><!--<source srcset=\"https:\/\/www.ekd.de\/ekd_de\/ds_img\/assets\/20170329_epd-Quellenlogo_141.png 1x, https:\/\/www.ekd.de\/ekd_de\/ds_img\/assets\/20170329_epd-Quellenlogo_141.png 2x, https:\/\/www.ekd.de\/ekd_de\/ds_img\/assets\/20170329_epd-Quellenlogo_141.png 3x\">--><\/p>\n<p>    <\/source><\/picture>\n<\/p><\/div>\n<\/header>\n<div class=\"large-8 columns large-offset-1 \">\n<p>Hannover (epd). Die Ratsvorsitzende der Evangelischen Kirche in Deutschland (EKD), Kirsten Fehrs, hat zum j\u00fcdischen Neujahrsfest an die Opfer des Terrorangriffs der Hamas auf Israel am 7. Oktober 2023 erinnert. Bald zwei Jahre nach dem schlimmsten Massaker beispielloser Gewalt an Juden seit der Schoah seien immer noch &#8211; lebende wie tote, darunter auch deutsche &#8211; Geiseln in den H\u00e4nden der Hamas, schrieb sie in ihrer Neujahrsbotschaft an den Pr\u00e4sidenten des Zentralrats der Juden in Deutschland, Josef Schuster. \u201eIch bin mit meinen Gedanken bei ihnen und bete f\u00fcr sie.\u201c<\/p>\n<p>Erneut falle das Neujahrsfest in unruhige und von Gewalt und Trauer gezeichnete Zeiten, schrieb die Hamburger Bisch\u00f6fin. \u201eDer Klang des Schofars zum H\u00f6hepunkt des Festes ist durchdringend, t\u00f6nt trotzig und ruft zum friedlichen Miteinander auf. Sein Ton soll Entsetzen und Wut \u00fcber die nicht enden wollenden Angriffe auf j\u00fcdische Menschen auch in Deutschland nicht \u00fcbert\u00f6nen.\u201c<\/p>\n<p>Vielmehr mahne der Klang des Schofars auch die evangelische Kirche zu ihrer Verantwortung, mutig aufzustehen und die Stimme gegen Hass, Terror und Gewalt zu erheben. \u201eSie k\u00f6nnen die Evangelische Kirche in Deutschland und mich pers\u00f6nlich an Ihrer Seite in der entschiedenen Zur\u00fcckweisung aller Formen des Antisemitismus wissen\u201c, schrieb Fehrs.<\/p>\n<p>In diesem Jahr beginnt das j\u00fcdische Neujahrsfest (Rosch Haschana) am Montagabend und endet mit Einbruch der Dunkelheit am Mittwoch. \u201eRosch Haschana\u201c ist Hebr\u00e4isch und bedeutet \u201eHaupt des Jahres\u201c. Typisch f\u00fcr das Fest ist das Blasen des Widderhorns, des Schofars, mit dem zu Gebet und Bu\u00dfe aufgerufen wird.<\/p>\n<\/p><\/div>\n<p>        <!-- RSPEAK_STOP --><\/p>\n<footer class=\"article--footer\">\n<\/footer><\/div>\n","protected":false},"excerpt":{"rendered":"<p>22.09.2025 News Hannover (epd). Die Ratsvorsitzende der Evangelischen Kirche in Deutschland (EKD), Kirsten Fehrs, hat zum j\u00fcdischen Neujahrsfest an die<\/p>\n","protected":false},"author":2,"featured_media":8620,"comment_status":"closed","ping_status":"closed","sticky":false,"template":"","format":"standard","meta":{"footnotes":""},"categories":[20],"tags":[],"_links":{"self":[{"href":"https:\/\/krankenhauspfarramt.de\/index.php\/wp-json\/wp\/v2\/posts\/8619"}],"collection":[{"href":"https:\/\/krankenhauspfarramt.de\/index.php\/wp-json\/wp\/v2\/posts"}],"about":[{"href":"https:\/\/krankenhauspfarramt.de\/index.php\/wp-json\/wp\/v2\/types\/post"}],"author":[{"embeddable":true,"href":"https:\/\/krankenhauspfarramt.de\/index.php\/wp-json\/wp\/v2\/users\/2"}],"replies":[{"embeddable":true,"href":"https:\/\/krankenhauspfarramt.de\/index.php\/wp-json\/wp\/v2\/comments?post=8619"}],"version-history":[{"count":1,"href":"https:\/\/krankenhauspfarramt.de\/index.php\/wp-json\/wp\/v2\/posts\/8619\/revisions"}],"predecessor-version":[{"id":8621,"href":"https:\/\/krankenhauspfarramt.de\/index.php\/wp-json\/wp\/v2\/posts\/8619\/revisions\/8621"}],"wp:featuredmedia":[{"embeddable":true,"href":"https:\/\/krankenhauspfarramt.de\/index.php\/wp-json\/wp\/v2\/media\/8620"}],"wp:attachment":[{"href":"https:\/\/krankenhauspfarramt.de\/index.php\/wp-json\/wp\/v2\/media?parent=8619"}],"wp:term":[{"taxonomy":"category","embeddable":true,"href":"https:\/\/krankenhauspfarramt.de\/index.php\/wp-json\/wp\/v2\/categories?post=8619"},{"taxonomy":"post_tag","embeddable":true,"href":"https:\/\/krankenhauspfarramt.de\/index.php\/wp-json\/wp\/v2\/tags?post=8619"}],"curies":[{"name":"wp","href":"https:\/\/api.w.org\/{rel}","templated":true}]}}