{"id":8622,"date":"2025-09-23T15:23:37","date_gmt":"2025-09-23T15:23:37","guid":{"rendered":"https:\/\/krankenhauspfarramt.de\/index.php\/2025\/09\/23\/trauerfeier-fuer-frueheren-ekd-ratschef-kock-am-freitag-in-koeln-ekd\/"},"modified":"2025-09-23T15:23:38","modified_gmt":"2025-09-23T15:23:38","slug":"trauerfeier-fuer-frueheren-ekd-ratschef-kock-am-freitag-in-koeln-ekd","status":"publish","type":"post","link":"https:\/\/krankenhauspfarramt.de\/index.php\/2025\/09\/23\/trauerfeier-fuer-frueheren-ekd-ratschef-kock-am-freitag-in-koeln-ekd\/","title":{"rendered":"Trauerfeier f\u00fcr fr\u00fcheren EKD-Ratschef Kock am Freitag in K\u00f6ln \u2013 EKD"},"content":{"rendered":"<p> <br \/>\n<\/p>\n<div id=\"\">\n<p>D\u00fcsseldorf, K\u00f6ln (epd). Mit einer Trauerfeier wird am Freitag in K\u00f6ln des am 11. September gestorbenen fr\u00fcheren Ratsvorsitzenden der Evangelischen Kirche in Deutschland (EKD) und rheinischen Pr\u00e4ses Manfred Kock gedacht. Die Trauerfeier findet in der Trinitatiskirche in K\u00f6ln statt, wie die rheinische Kirche am Montag in D\u00fcsseldorf mitteilte. Die Predigt in dem Gottesdienst h\u00e4lt Nikolaus Schneider, der Kock 2003 im Amt des rheinischen Pr\u00e4ses folgte und von 2010 bis 2014 ebenfalls EKD-Ratsvorsitzender war. Die Beisetzung Kocks erfolgt sp\u00e4ter im Kreis seiner Familie.<\/p>\n<p>Der evangelische Theologe war im Alter von 88 Jahren gestorben, drei Tage vor seinem 89. Geburtstag. Kock stand von 1997 bis 2003 an der Spitze der rheinischen Landeskirche und der EKD. In K\u00f6ln war er nach T\u00e4tigkeiten als Jugend- und Gemeindepfarrer auch Superintendent, 1988 r\u00fcckte er an die Spitze des K\u00f6lner Stadtkirchenverbands.<\/p>\n<p>Wichtige Themen seiner Amtszeit waren die \u00d6kumene, das Verh\u00e4ltnis von Christen und Juden, Friedensethik, Medizin- und Bioethik sowie die Zuwanderung und der Wandel des Sozialstaats. Er galt in seinen kirchlichen Leitungs\u00e4mtern stets als ausgleichender Moderator.<\/p>\n<p>Die EKD-Pressemitteilung &#8222;EKD-Ratsvorsitzende w\u00fcrdigt verstorbenen ehemaligen Ratsvorsitzenden Manfred Kock&#8220; finden Sie unter folgendem Link.\u00a0<\/p>\n<p>\u00a0<\/p>\n<\/div>\n","protected":false},"excerpt":{"rendered":"<p>D\u00fcsseldorf, K\u00f6ln (epd). Mit einer Trauerfeier wird am Freitag in K\u00f6ln des am 11. September gestorbenen fr\u00fcheren Ratsvorsitzenden der Evangelischen<\/p>\n","protected":false},"author":2,"featured_media":8595,"comment_status":"closed","ping_status":"closed","sticky":false,"template":"","format":"standard","meta":{"footnotes":""},"categories":[20],"tags":[],"_links":{"self":[{"href":"https:\/\/krankenhauspfarramt.de\/index.php\/wp-json\/wp\/v2\/posts\/8622"}],"collection":[{"href":"https:\/\/krankenhauspfarramt.de\/index.php\/wp-json\/wp\/v2\/posts"}],"about":[{"href":"https:\/\/krankenhauspfarramt.de\/index.php\/wp-json\/wp\/v2\/types\/post"}],"author":[{"embeddable":true,"href":"https:\/\/krankenhauspfarramt.de\/index.php\/wp-json\/wp\/v2\/users\/2"}],"replies":[{"embeddable":true,"href":"https:\/\/krankenhauspfarramt.de\/index.php\/wp-json\/wp\/v2\/comments?post=8622"}],"version-history":[{"count":1,"href":"https:\/\/krankenhauspfarramt.de\/index.php\/wp-json\/wp\/v2\/posts\/8622\/revisions"}],"predecessor-version":[{"id":8623,"href":"https:\/\/krankenhauspfarramt.de\/index.php\/wp-json\/wp\/v2\/posts\/8622\/revisions\/8623"}],"wp:featuredmedia":[{"embeddable":true,"href":"https:\/\/krankenhauspfarramt.de\/index.php\/wp-json\/wp\/v2\/media\/8595"}],"wp:attachment":[{"href":"https:\/\/krankenhauspfarramt.de\/index.php\/wp-json\/wp\/v2\/media?parent=8622"}],"wp:term":[{"taxonomy":"category","embeddable":true,"href":"https:\/\/krankenhauspfarramt.de\/index.php\/wp-json\/wp\/v2\/categories?post=8622"},{"taxonomy":"post_tag","embeddable":true,"href":"https:\/\/krankenhauspfarramt.de\/index.php\/wp-json\/wp\/v2\/tags?post=8622"}],"curies":[{"name":"wp","href":"https:\/\/api.w.org\/{rel}","templated":true}]}}