{"id":8627,"date":"2025-09-24T11:34:08","date_gmt":"2025-09-24T11:34:08","guid":{"rendered":"https:\/\/krankenhauspfarramt.de\/index.php\/2025\/09\/24\/web-app-nacht-der-kirchen-ekd\/"},"modified":"2025-09-24T11:34:12","modified_gmt":"2025-09-24T11:34:12","slug":"web-app-nacht-der-kirchen-ekd","status":"publish","type":"post","link":"https:\/\/krankenhauspfarramt.de\/index.php\/2025\/09\/24\/web-app-nacht-der-kirchen-ekd\/","title":{"rendered":"Web-App Nacht der Kirchen \u2013 EKD"},"content":{"rendered":"<p> <br \/>\n<\/p>\n<div id=\"\">\n        <!-- RSPEAK_START --><\/p>\n<header class=\"large-10 columns article--header\">\n<\/header>\n<div class=\"large-8 columns large-offset-1 \">\n<p>Die\u00a0<span style=\"line-height:107%\">HALLESCHE NACHT DER KIRCHEN (NDK) ist die gr\u00f6\u00dfte Kirchennacht in Mitteldeutschland. J\u00e4hrlich z\u00e4hlt sie mehrere tausend Besucherinnen und Besucher. Durchschnittlich 50 Gemeinden und Einrichtungen, beteiligen sich allj\u00e4hrlich an dem Event. Seit nunmehr 23 Jahren wird das \u00f6kumenische Sommerfest fast ausschlie\u00dflich vom ehrenamtlichen Engagement getragen. <\/span><\/p>\n<p><span style=\"line-height:107%\">Die NDK ist mehr als eine abendliche Kirchen\u00f6ffnung. Insbesondere die ca. 100 Programmpunkte sind mittlerweile echte Publikumsmagnete. Allen voran sind die vielen Konzerte von Klassik bis Jazz und von Orgel bis Liveband zu nennen. Aber auch dar\u00fcber hinaus gibt es wohl kaum etwas, was in den zur\u00fcckliegenden Jahren nicht im Angebot der HALLESCHEN NACHT DER KIRCHEN war: Kirchenf\u00fchrungen, Vortr\u00e4ge, Lesungen, Ausstellungen, Kino, Tanz, Sport, Mitmachgelegenheiten, Theater und nat\u00fcrlich ein umfangreiches geistliches Angebot \u2013 um nur einiges zu nennen. <\/span><\/p>\n<\/p><\/div>\n<section class=\"large-10 large-offset-1 columns article--section\">\n<figure class=\"article--image image\">\n                                    <picture><source srcset=\"https:\/\/www.ekd.de\/ekd_de\/ds_img\/assets_2835_x\/Kirchennacht%20Halle_rdax_945x532.png 1x, https:\/\/www.ekd.de\/ekd_de\/ds_img\/assets_2835_x\/Kirchennacht%20Halle_rdax_1890x1064.png 2x, https:\/\/www.ekd.de\/ekd_de\/ds_img\/assets_2835_x\/Kirchennacht%20Halle.png 3x\"><\/source><\/picture><figcaption class=\"image--caption\"\/>\n                                  <\/figure>\n<\/section>\n<section class=\"large-8 large-offset-1 columns article--section article--section__bullets\">\n<p>Die EKD-F\u00f6rderung hebt die Kommunikation der Kirchennacht auf ein neues Niveau. Die damit finanzierte Webapplikation\u00a0erm\u00f6glicht Nutzerinnen und Nutzer mittels ihrer Mobilger\u00e4te Orientierung im komplexen Veranstaltungsgebilde der Kirchennacht zu finden und eigene Schwerpunkte zu setzen. \u00dcber die Informationen zu den Veranstaltungen hinaus bietet sie Hintergrundinfos zu den Geb\u00e4uden, die gastronomische Versorgung vor Ort, vorhandene WCs, Barrierefreiheit sowie eine Haltestellen- und Fahrplanauskunft. Eine integrierte Sharing-Funktion vereinfacht den Austausch zwischen unseren G\u00e4sten.\u00a0<\/p>\n<p>Das Projekt wurde mit 2.000 Euro vom Digitalinnovationsfond gef\u00f6rdert.<\/p>\n<\/section>\n<p>        <!-- RSPEAK_STOP --><\/p>\n<footer class=\"article--footer\">\n<\/footer><\/div>\n","protected":false},"excerpt":{"rendered":"<p>Die\u00a0HALLESCHE NACHT DER KIRCHEN (NDK) ist die gr\u00f6\u00dfte Kirchennacht in Mitteldeutschland. J\u00e4hrlich z\u00e4hlt sie mehrere tausend Besucherinnen und Besucher. Durchschnittlich<\/p>\n","protected":false},"author":2,"featured_media":8628,"comment_status":"closed","ping_status":"closed","sticky":false,"template":"","format":"standard","meta":{"footnotes":""},"categories":[20],"tags":[],"_links":{"self":[{"href":"https:\/\/krankenhauspfarramt.de\/index.php\/wp-json\/wp\/v2\/posts\/8627"}],"collection":[{"href":"https:\/\/krankenhauspfarramt.de\/index.php\/wp-json\/wp\/v2\/posts"}],"about":[{"href":"https:\/\/krankenhauspfarramt.de\/index.php\/wp-json\/wp\/v2\/types\/post"}],"author":[{"embeddable":true,"href":"https:\/\/krankenhauspfarramt.de\/index.php\/wp-json\/wp\/v2\/users\/2"}],"replies":[{"embeddable":true,"href":"https:\/\/krankenhauspfarramt.de\/index.php\/wp-json\/wp\/v2\/comments?post=8627"}],"version-history":[{"count":1,"href":"https:\/\/krankenhauspfarramt.de\/index.php\/wp-json\/wp\/v2\/posts\/8627\/revisions"}],"predecessor-version":[{"id":8629,"href":"https:\/\/krankenhauspfarramt.de\/index.php\/wp-json\/wp\/v2\/posts\/8627\/revisions\/8629"}],"wp:featuredmedia":[{"embeddable":true,"href":"https:\/\/krankenhauspfarramt.de\/index.php\/wp-json\/wp\/v2\/media\/8628"}],"wp:attachment":[{"href":"https:\/\/krankenhauspfarramt.de\/index.php\/wp-json\/wp\/v2\/media?parent=8627"}],"wp:term":[{"taxonomy":"category","embeddable":true,"href":"https:\/\/krankenhauspfarramt.de\/index.php\/wp-json\/wp\/v2\/categories?post=8627"},{"taxonomy":"post_tag","embeddable":true,"href":"https:\/\/krankenhauspfarramt.de\/index.php\/wp-json\/wp\/v2\/tags?post=8627"}],"curies":[{"name":"wp","href":"https:\/\/api.w.org\/{rel}","templated":true}]}}