{"id":8630,"date":"2025-09-24T11:49:52","date_gmt":"2025-09-24T11:49:52","guid":{"rendered":"https:\/\/krankenhauspfarramt.de\/index.php\/2025\/09\/24\/die-welt-wuerde-noch-viel-schlimmer-aussehen-wenn-wir-nicht-beten-wuerden-ekd\/"},"modified":"2025-09-24T11:49:53","modified_gmt":"2025-09-24T11:49:53","slug":"die-welt-wuerde-noch-viel-schlimmer-aussehen-wenn-wir-nicht-beten-wuerden-ekd","status":"publish","type":"post","link":"https:\/\/krankenhauspfarramt.de\/index.php\/2025\/09\/24\/die-welt-wuerde-noch-viel-schlimmer-aussehen-wenn-wir-nicht-beten-wuerden-ekd\/","title":{"rendered":"\u201eDie Welt w\u00fcrde noch viel schlimmer aussehen, wenn wir nicht beten w\u00fcrden\u201c \u2013 EKD"},"content":{"rendered":"<p> <br \/>\n<\/p>\n<div id=\"\">\n<div class=\"article--meta article--meta__border clearfix\">\n<p>                                    <time datetime=\"24.09.2025 12:00\" class=\"article--time\">24.09.2025<\/time><\/p>\n<p>                                     <strong class=\"article--type primus--overline\">Pressemitteilung<\/strong><\/p>\n<picture class=\"article--source-image image\"><source srcset=\"https:\/\/www.ekd.de\/ekd_de\/ds_img\/assets\/20170622_ekd-Quellenlogo_141_rdax_423x118.png\"><!--<source srcset=\"\/ekd_de\/ds_img\/assets\/20170622_ekd-Quellenlogo_141_rdax_141x39.png 1x, \/ekd_de\/ds_img\/assets\/20170622_ekd-Quellenlogo_141_rdax_282x78.png 2x, https:\/\/www.ekd.de\/ekd_de\/ds_img\/assets\/20170622_ekd-Quellenlogo_141_rdax_423x118.png 3x\">--><\/p>\n<p>    <\/source><\/picture>\n<\/p><\/div>\n<h2 class=\"article--sub-headline primus--sub-headline\">Neue Podcastfolge zur Friedensspiritualit\u00e4t<\/h2>\n<\/p><\/div>\n<div id=\"\">\n<p>Das gemeinsame Beten f\u00fcr den Frieden \u201eist zentral wichtig und geh\u00f6rt zu unserer DNA\u201c, sagt Landesbischof Friedrich Kramer, der Friedensbeauftragte des Rates der EKD, in der gerade erschienenen neuen Folge des Podcasts \u201eFrieden denken\u201c. Die Reihe begleitet die Ver\u00f6ffentlichung der neuen friedensethischen Denkschrift, die die EKD am 10. November vorstellen wird. In der gerade ver\u00f6ffentlichten Episode tauschen sich Kramer und Antje Heider-Rottwilm, Vorsitzende des europ\u00e4ischen friedenskirchlichen Netzwerks Church &amp; Peace, \u00fcber Friedensspiritualit\u00e4t aus.<\/p>\n<p>Heider-Rottwilm betont, dass es bereits viele Formen gebe, in denen Menschen in der \u201eVerl\u00e4sslichkeit des Miteinanderbetens\u201c Gemeinschaft suchen, und nennt als Beispiel das w\u00f6chentliche Friedensgebet per Zoom am Freitagabend, zu dem Church and Peace seit dem Beginn des Krieges in der Ukraine einl\u00e4dt und an dem Menschen aus der Ukraine bis Lateinamerika teilnehmen. \u201eWir brauchen diese Momente, um uns gegen unsere \u00c4ngste im Gottvertrauen zu vergewissern. Zugleich sind sie ein \u00f6ffentliches Bekenntnis und ein politisches Statement f\u00fcr Gewaltfreiheit.\u201c<\/p>\n<p>F\u00fcr Kramer kann das Gebet auch ein wirksames Mittel gegen Hass sein: \u201eBeten verbindet uns Menschen weltweit. Es hilft uns, dass wir miteinander nicht irre werden und unsere Herzen mit Hass vergiften. Die Welt w\u00fcrde noch viel schlimmer aussehen, wenn wir nicht beten w\u00fcrden.\u201c<\/p>\n<p>Der Podcast \u201eFrieden denken\u201c ist unter www.ekd.de\/podcast-frieden und auf allen g\u00e4ngigen Audioportalen zu h\u00f6ren. Alle zwei Wochen erscheint eine neue Episode mit friedensethischen Expert*innen.<\/p>\n<p>Hannover, 24. September 2025<\/p>\n<p>Pressestelle der EKD<\/p>\n<\/div>\n","protected":false},"excerpt":{"rendered":"<p>24.09.2025 Pressemitteilung Neue Podcastfolge zur Friedensspiritualit\u00e4t Das gemeinsame Beten f\u00fcr den Frieden \u201eist zentral wichtig und geh\u00f6rt zu unserer DNA\u201c,<\/p>\n","protected":false},"author":2,"featured_media":8587,"comment_status":"closed","ping_status":"closed","sticky":false,"template":"","format":"standard","meta":{"footnotes":""},"categories":[20],"tags":[],"_links":{"self":[{"href":"https:\/\/krankenhauspfarramt.de\/index.php\/wp-json\/wp\/v2\/posts\/8630"}],"collection":[{"href":"https:\/\/krankenhauspfarramt.de\/index.php\/wp-json\/wp\/v2\/posts"}],"about":[{"href":"https:\/\/krankenhauspfarramt.de\/index.php\/wp-json\/wp\/v2\/types\/post"}],"author":[{"embeddable":true,"href":"https:\/\/krankenhauspfarramt.de\/index.php\/wp-json\/wp\/v2\/users\/2"}],"replies":[{"embeddable":true,"href":"https:\/\/krankenhauspfarramt.de\/index.php\/wp-json\/wp\/v2\/comments?post=8630"}],"version-history":[{"count":1,"href":"https:\/\/krankenhauspfarramt.de\/index.php\/wp-json\/wp\/v2\/posts\/8630\/revisions"}],"predecessor-version":[{"id":8631,"href":"https:\/\/krankenhauspfarramt.de\/index.php\/wp-json\/wp\/v2\/posts\/8630\/revisions\/8631"}],"wp:featuredmedia":[{"embeddable":true,"href":"https:\/\/krankenhauspfarramt.de\/index.php\/wp-json\/wp\/v2\/media\/8587"}],"wp:attachment":[{"href":"https:\/\/krankenhauspfarramt.de\/index.php\/wp-json\/wp\/v2\/media?parent=8630"}],"wp:term":[{"taxonomy":"category","embeddable":true,"href":"https:\/\/krankenhauspfarramt.de\/index.php\/wp-json\/wp\/v2\/categories?post=8630"},{"taxonomy":"post_tag","embeddable":true,"href":"https:\/\/krankenhauspfarramt.de\/index.php\/wp-json\/wp\/v2\/tags?post=8630"}],"curies":[{"name":"wp","href":"https:\/\/api.w.org\/{rel}","templated":true}]}}