{"id":8635,"date":"2025-09-29T12:32:06","date_gmt":"2025-09-29T12:32:06","guid":{"rendered":"https:\/\/krankenhauspfarramt.de\/index.php\/2025\/09\/29\/christliche-patientenvorsorge-erscheint-in-aktualisierter-neuauflage-ekd\/"},"modified":"2025-09-29T12:32:07","modified_gmt":"2025-09-29T12:32:07","slug":"christliche-patientenvorsorge-erscheint-in-aktualisierter-neuauflage-ekd","status":"publish","type":"post","link":"https:\/\/krankenhauspfarramt.de\/index.php\/2025\/09\/29\/christliche-patientenvorsorge-erscheint-in-aktualisierter-neuauflage-ekd\/","title":{"rendered":"Christliche Patientenvorsorge erscheint in aktualisierter Neuauflage \u2013 EKD"},"content":{"rendered":"<p> <br \/>\n<\/p>\n<div id=\"\">\n<div class=\"article--meta article--meta__border clearfix\">\n<p>                                    <time datetime=\"29.09.2025 12:00\" class=\"article--time\">29.09.2025<\/time><\/p>\n<p>                                     <strong class=\"article--type primus--overline\">Pressemitteilung<\/strong><\/p>\n<picture class=\"article--source-image image\"><source srcset=\"https:\/\/www.ekd.de\/ekd_de\/ds_img\/assets\/20170622_ekd-Quellenlogo_141_rdax_423x118.png\"><!--<source srcset=\"\/ekd_de\/ds_img\/assets\/20170622_ekd-Quellenlogo_141_rdax_141x39.png 1x, \/ekd_de\/ds_img\/assets\/20170622_ekd-Quellenlogo_141_rdax_282x78.png 2x, https:\/\/www.ekd.de\/ekd_de\/ds_img\/assets\/20170622_ekd-Quellenlogo_141_rdax_423x118.png 3x\">--><\/p>\n<p>    <\/source><\/picture>\n<\/p><\/div>\n<h2 class=\"article--sub-headline primus--sub-headline\">Handreichung bietet Orientierung und Unterst\u00fctzung f\u00fcr die letzte Phase des Lebens<\/h2>\n<\/p><\/div>\n<div id=\"\">\n<p>Orientierung und Unterst\u00fctzung bei der Vorsorge f\u00fcr den letzten Lebensabschnitt bietet die \u201eChristliche Patientenvorsorge\u201c, die heute (29.\u00a0September 2025) von den christlichen Kirchen in einer aktualisierten Neuauflage ver\u00f6ffentlicht worden ist. Herausgegeben wird die Handreichung von der Deutschen Bischofskonferenz, der Evangelischen Kirche in Deutschland (EKD) und der Arbeitsgemeinschaft Christlicher Kirchen in Deutschland (ACK).<\/p>\n<p>Wie soll die letzte Phase des Lebens gestaltet werden? Niemand kann voraussehen, wann und auf welche Weise das Leben zu Ende geht. M\u00f6glich ist aber eine Vorsorge im Hinblick auf die eigenen Vorstellungen und W\u00fcnsche f\u00fcr die Behandlung in schwerster Krankheit und im Sterben.<\/p>\n<p>Daf\u00fcr ist es erforderlich, sich rechtzeitig mit m\u00f6glichen Handlungsoptionen auseinanderzusetzen. Vor allem sollte sichergestellt sein, dass diejenigen, die einen Menschen begleiten und behandeln, dessen Vorstellungen, Behandlungsw\u00fcnsche und Verf\u00fcgungen kennen. Nicht zuletzt muss klar sein, wer die Vollmacht hat, die eigenen Interessen zu vertreten, wenn man dazu selbst nicht mehr in der Lage ist.<\/p>\n<p>Die Handreichung zur Christlichen Patientenvorsorge bietet christlich-ethische Orientierung und stellt Formulare zur Verf\u00fcgung, um eine Vorsorgevollmacht, eine Betreuungsverf\u00fcgung und eine Patientenverf\u00fcgung auszufertigen sowie Behandlungsw\u00fcnsche zu dokumentieren.<\/p>\n<p>Erforderlich wurde die Neufassung vor allem aufgrund von Ver\u00e4nderungen im Bereich der Gesetzgebung. Formulare aus \u00e4lteren Auflagen, die schon zu einem fr\u00fcheren Zeitpunkt verwendet wurden, verlieren aber nicht ihre Rechtsg\u00fcltigkeit. Es wird allerdings empfohlen, die eigenen Festlegungen in regelm\u00e4\u00dfigen Abst\u00e4nden zu \u00fcberpr\u00fcfen und gegebenenfalls an ver\u00e4nderte W\u00fcnsche anzupassen.<\/p>\n<p>Im Geleitwort zur Christlichen Patientenvorsorge schreiben der Vorsitzende der Deutschen Bischofskonferenz, Bischof Georg B\u00e4tzing, die Ratsvorsitzende der EKD, Bisch\u00f6fin Kirsten Fehrs, und der Vorsitzende der ACK, Reverend Christopher Easthill: \u201eDer tragende Grund f\u00fcr die \u00dcberlegungen dieser Handreichung \u201eChristliche Patientenvorsorge\u201c ist der christliche Glaube, der sich mit der Hoffnung verbindet, dass Gottes Liebe gr\u00f6\u00dfer ist \u2013 gr\u00f6\u00dfer auch als alles Leiden und Sterben \u2013 und dass Gott in Christus neues Leben schenkt.\u201c<\/p>\n<p><em><strong>Hinweise:<\/strong><\/em><\/p>\n<p>Die Christliche Patientenvorsorge kann kostenlos online abgerufen werden unter www.ekd.de\/cpv.<\/p>\n<p>Als gedruckte Version ist sie erh\u00e4ltlich unter www.chrismonshop.de\/ekd. Bis zu 9 Exemplare sind \u00fcber den Chrismon-Shop versandkostenfrei. Ab 10 Exemplaren betr\u00e4gt der Preis pro St\u00fcck 0,45 Euro.<\/p>\n<p>Hannover, 29. September 2025<\/p>\n<p>Pressestelle der EKD<br \/>Carsten Splitt<\/p>\n<\/div>\n","protected":false},"excerpt":{"rendered":"<p>29.09.2025 Pressemitteilung Handreichung bietet Orientierung und Unterst\u00fctzung f\u00fcr die letzte Phase des Lebens Orientierung und Unterst\u00fctzung bei der Vorsorge f\u00fcr<\/p>\n","protected":false},"author":2,"featured_media":8636,"comment_status":"closed","ping_status":"closed","sticky":false,"template":"","format":"standard","meta":{"footnotes":""},"categories":[20],"tags":[],"_links":{"self":[{"href":"https:\/\/krankenhauspfarramt.de\/index.php\/wp-json\/wp\/v2\/posts\/8635"}],"collection":[{"href":"https:\/\/krankenhauspfarramt.de\/index.php\/wp-json\/wp\/v2\/posts"}],"about":[{"href":"https:\/\/krankenhauspfarramt.de\/index.php\/wp-json\/wp\/v2\/types\/post"}],"author":[{"embeddable":true,"href":"https:\/\/krankenhauspfarramt.de\/index.php\/wp-json\/wp\/v2\/users\/2"}],"replies":[{"embeddable":true,"href":"https:\/\/krankenhauspfarramt.de\/index.php\/wp-json\/wp\/v2\/comments?post=8635"}],"version-history":[{"count":1,"href":"https:\/\/krankenhauspfarramt.de\/index.php\/wp-json\/wp\/v2\/posts\/8635\/revisions"}],"predecessor-version":[{"id":8637,"href":"https:\/\/krankenhauspfarramt.de\/index.php\/wp-json\/wp\/v2\/posts\/8635\/revisions\/8637"}],"wp:featuredmedia":[{"embeddable":true,"href":"https:\/\/krankenhauspfarramt.de\/index.php\/wp-json\/wp\/v2\/media\/8636"}],"wp:attachment":[{"href":"https:\/\/krankenhauspfarramt.de\/index.php\/wp-json\/wp\/v2\/media?parent=8635"}],"wp:term":[{"taxonomy":"category","embeddable":true,"href":"https:\/\/krankenhauspfarramt.de\/index.php\/wp-json\/wp\/v2\/categories?post=8635"},{"taxonomy":"post_tag","embeddable":true,"href":"https:\/\/krankenhauspfarramt.de\/index.php\/wp-json\/wp\/v2\/tags?post=8635"}],"curies":[{"name":"wp","href":"https:\/\/api.w.org\/{rel}","templated":true}]}}