{"id":8641,"date":"2025-09-30T12:40:40","date_gmt":"2025-09-30T12:40:40","guid":{"rendered":"https:\/\/krankenhauspfarramt.de\/index.php\/2025\/09\/30\/kirchen-bieten-orientierung-fuer-letzte-lebensphase-ekd\/"},"modified":"2025-09-30T12:40:41","modified_gmt":"2025-09-30T12:40:41","slug":"kirchen-bieten-orientierung-fuer-letzte-lebensphase-ekd","status":"publish","type":"post","link":"https:\/\/krankenhauspfarramt.de\/index.php\/2025\/09\/30\/kirchen-bieten-orientierung-fuer-letzte-lebensphase-ekd\/","title":{"rendered":"Kirchen bieten Orientierung f\u00fcr letzte Lebensphase \u2013 EKD"},"content":{"rendered":"<p> <br \/>\n<\/p>\n<div>\n<p>Mit der ver\u00f6ffentlichten Neuauflage biete die Christliche Patientenvorsorge von katholischer, evangelischer und \u00f6kumenischer Seite neue Orientierung, hie\u00df es weiter: \u201eWie soll die letzte Phase des Lebens gestaltet werden? Vor allem sollte sichergestellt sein, dass diejenigen, die einen Menschen begleiten und behandeln, dessen Vorstellungen, Behandlungsw\u00fcnsche und Verf\u00fcgungen kennen.\u201c Nicht zuletzt m\u00fcsse klar sein, wer die Vollmacht hat, die eigenen Interessen zu vertreten, wenn man dazu selbst nicht mehr in der Lage ist.<\/p>\n<p>Die Handreichung zur Christlichen Patientenvorsorge biete christlich-ethische Orientierung und stelle Formulare zur Verf\u00fcgung, um eine Vorsorgevollmacht, eine Betreuungsverf\u00fcgung und eine Patientenverf\u00fcgung auszufertigen sowie Behandlungsw\u00fcnsche zu dokumentieren. Erforderlich wurde die Neufassung den Angaben zufolge vor allem aufgrund von Ver\u00e4nderungen im Bereich der Gesetzgebung: \u201eFormulare aus \u00e4lteren Auflagen, die schon zu einem fr\u00fcheren Zeitpunkt verwendet wurden, verlieren aber nicht ihre Rechtsg\u00fcltigkeit.\u201c Es wird allerdings empfohlen, die eigenen Festlegungen in regelm\u00e4\u00dfigen Abst\u00e4nden zu \u00fcberpr\u00fcfen.<\/p>\n<\/p><\/div>\n","protected":false},"excerpt":{"rendered":"<p>Mit der ver\u00f6ffentlichten Neuauflage biete die Christliche Patientenvorsorge von katholischer, evangelischer und \u00f6kumenischer Seite neue Orientierung, hie\u00df es weiter: \u201eWie<\/p>\n","protected":false},"author":2,"featured_media":8642,"comment_status":"closed","ping_status":"closed","sticky":false,"template":"","format":"standard","meta":{"footnotes":""},"categories":[20],"tags":[],"_links":{"self":[{"href":"https:\/\/krankenhauspfarramt.de\/index.php\/wp-json\/wp\/v2\/posts\/8641"}],"collection":[{"href":"https:\/\/krankenhauspfarramt.de\/index.php\/wp-json\/wp\/v2\/posts"}],"about":[{"href":"https:\/\/krankenhauspfarramt.de\/index.php\/wp-json\/wp\/v2\/types\/post"}],"author":[{"embeddable":true,"href":"https:\/\/krankenhauspfarramt.de\/index.php\/wp-json\/wp\/v2\/users\/2"}],"replies":[{"embeddable":true,"href":"https:\/\/krankenhauspfarramt.de\/index.php\/wp-json\/wp\/v2\/comments?post=8641"}],"version-history":[{"count":1,"href":"https:\/\/krankenhauspfarramt.de\/index.php\/wp-json\/wp\/v2\/posts\/8641\/revisions"}],"predecessor-version":[{"id":8643,"href":"https:\/\/krankenhauspfarramt.de\/index.php\/wp-json\/wp\/v2\/posts\/8641\/revisions\/8643"}],"wp:featuredmedia":[{"embeddable":true,"href":"https:\/\/krankenhauspfarramt.de\/index.php\/wp-json\/wp\/v2\/media\/8642"}],"wp:attachment":[{"href":"https:\/\/krankenhauspfarramt.de\/index.php\/wp-json\/wp\/v2\/media?parent=8641"}],"wp:term":[{"taxonomy":"category","embeddable":true,"href":"https:\/\/krankenhauspfarramt.de\/index.php\/wp-json\/wp\/v2\/categories?post=8641"},{"taxonomy":"post_tag","embeddable":true,"href":"https:\/\/krankenhauspfarramt.de\/index.php\/wp-json\/wp\/v2\/tags?post=8641"}],"curies":[{"name":"wp","href":"https:\/\/api.w.org\/{rel}","templated":true}]}}