{"id":8644,"date":"2025-10-01T13:07:16","date_gmt":"2025-10-01T13:07:16","guid":{"rendered":"https:\/\/krankenhauspfarramt.de\/index.php\/2025\/10\/01\/die-deutsche-einheit-ist-eine-bleibende-aufgabe-auch-fuer-die-kirchen-ekd\/"},"modified":"2025-10-01T13:07:17","modified_gmt":"2025-10-01T13:07:17","slug":"die-deutsche-einheit-ist-eine-bleibende-aufgabe-auch-fuer-die-kirchen-ekd","status":"publish","type":"post","link":"https:\/\/krankenhauspfarramt.de\/index.php\/2025\/10\/01\/die-deutsche-einheit-ist-eine-bleibende-aufgabe-auch-fuer-die-kirchen-ekd\/","title":{"rendered":"Die Deutsche Einheit ist eine bleibende Aufgabe \u2013 auch f\u00fcr die Kirchen \u2013 EKD"},"content":{"rendered":"<p> <br \/>\n<\/p>\n<div id=\"\">\n<div class=\"article--meta article--meta__border clearfix\">\n<p>                                    <time datetime=\"01.10.2025 12:00\" class=\"article--time\">01.10.2025<\/time><\/p>\n<p>                                     <strong class=\"article--type primus--overline\">Pressemitteilung<\/strong><\/p>\n<picture class=\"article--source-image image\"><source srcset=\"https:\/\/www.ekd.de\/ekd_de\/ds_img\/assets\/20170622_ekd-Quellenlogo_141_rdax_423x118.png\"><!--<source srcset=\"\/ekd_de\/ds_img\/assets\/20170622_ekd-Quellenlogo_141_rdax_141x39.png 1x, \/ekd_de\/ds_img\/assets\/20170622_ekd-Quellenlogo_141_rdax_282x78.png 2x, https:\/\/www.ekd.de\/ekd_de\/ds_img\/assets\/20170622_ekd-Quellenlogo_141_rdax_423x118.png 3x\">--><\/p>\n<p>    <\/source><\/picture>\n<\/p><\/div>\n<h2 class=\"article--sub-headline primus--sub-headline\">Bisch\u00f6fin Fehrs und Bischof B\u00e4tzing zum 3. Oktober 2025<\/h2>\n<\/p><\/div>\n<div id=\"\">\n<p>Die Ratsvorsitzende der Evangelischen Kirche in Deutschland (EKD), Bisch\u00f6fin Kirsten Fehrs, und der Vorsitzende der Deutschen Bischofskonferenz, Bischof Dr. Georg B\u00e4tzing, erkl\u00e4ren zum 35. Jahrestag der Deutschen Einheit am 3.\u00a0Oktober 2025:<\/p>\n<p>Seit 35 Jahren w\u00e4chst zusammen, was zusammengeh\u00f6rt. Am 3. Oktober 1990 wurde Deutschland wieder zu einer ungeteilten Heimat f\u00fcr seine B\u00fcrgerinnen und B\u00fcrger in Ost und West, die mehr als 40 Jahre lang in zwei getrennten Staaten leben mussten. Vor allem f\u00fcr junge Menschen in Deutschland liegt die deutsche Teilung weit in der Vergangenheit. Anderen ist die vollkommen unterschiedliche Lebenssituation in den einst durch die Mauer getrennten Teilen Deutschlands noch heute sehr pr\u00e4sent. Inzwischen sind die Unterschiede zwischen Ost und West f\u00fcr Viele kein Thema mehr. Andere sehen die Einheit noch l\u00e4ngst nicht als erreicht an. Daher ist es gut, wenn wir uns als Volk gemeinsam an die Zeit der Trennung, an die Wiedervereinigung und auch an die dabei gemachten Fehler erinnern. In der Bibel hei\u00dft es: \u201eDu sollst an den ganzen Weg denken, den der Herr, dein Gott, dich gef\u00fchrt hat.\u201c (Dtn 8,2). An den ganzen Weg \u2013 nicht nur an die H\u00f6hen, nicht nur an die Tiefen. Denn im Erinnern an Vergangenes finden wir Orientierung f\u00fcr die Zukunft. Ein geteiltes Land kann zusammenwachsen.<\/p>\n<p>Ma\u00dfgeblich erreicht wurde die \u00dcberwindung der jahrzehntelangen Trennung nach dem Zweiten Weltkrieg durch den mutigen Einsatz vieler Menschen in der damaligen DDR. Mit ihrer Friedlichen Revolution gegen ein diktatorisches Regime l\u00f6sten sie 1989 die Ereignisse aus, die ein Jahr sp\u00e4ter in die Deutsche Einheit m\u00fcndeten. Vielfach gingen die Impulse von Christinnen und Christen aus, die mit Friedensgebeten und mutigem Engagement gegen das Unrecht und f\u00fcr Demokratie anderen ein Beispiel gaben.<\/p>\n<p>Die Menschen in zwei durch Mauern, Stacheldraht, Minenfelder und Panzersperren getrennten L\u00e4ndern haben gewaltlos erreicht, wonach sich viele in der Welt sehnen: Frieden, Freiheit und Einheit. Die deutsche Gesellschaft kann stolz und dankbar sein, dass die Menschen im geeinten Deutschland in vielfacher Hinsicht wieder zusammengefunden haben. Menschen in Deutschland sind aufeinander zugegangen, haben voneinander gelernt und miteinander Vorurteile abgebaut.<\/p>\n<p>Aber so sehr unser Land in 35 Jahren wieder zusammengewachsen ist, so nehmen wir weiterhin wahr: Die Wunden der Spaltung Deutschlands sind noch immer sp\u00fcrbar. Sie zeigen sich in fortbestehenden wirtschaftlichen und sozialen Unterschieden zwischen Ost und West, in den Br\u00fcchen pers\u00f6nlicher Biographien und im anhaltenden Gef\u00fchl vieler Menschen, nicht in gleicher Weise anerkannt oder geh\u00f6rt zu werden. Zugleich entstehen neue Trennungen: Zwischen Stadt und Land, zwischen Arm und Reich sowie zwischen Menschen, die der Demokratie vertrauen und jenen, die ihr zutiefst misstrauen oder sie sogar bek\u00e4mpfen.<\/p>\n<p>All das zeigt: Die Deutsche Einheit ist kein singul\u00e4rer Tag in der Geschichte. Sie ist eine bleibende Aufgabe f\u00fcr alle Menschen in Deutschland. Als Kirchen wollen wir dazu ermutigen, diesen Weg weiterzugehen \u2013 aus Fehlern lernend, einander achtend und in Verantwortung f\u00fcr unsere gemeinsame Zukunft.<\/p>\n<p>Hannover, 1. Oktober 2025<\/p>\n<p>Pressestelle der EKD<\/p>\n<p>Carsten Splitt<\/p>\n<\/div>\n","protected":false},"excerpt":{"rendered":"<p>01.10.2025 Pressemitteilung Bisch\u00f6fin Fehrs und Bischof B\u00e4tzing zum 3. Oktober 2025 Die Ratsvorsitzende der Evangelischen Kirche in Deutschland (EKD), Bisch\u00f6fin<\/p>\n","protected":false},"author":2,"featured_media":7535,"comment_status":"closed","ping_status":"closed","sticky":false,"template":"","format":"standard","meta":{"footnotes":""},"categories":[20],"tags":[],"_links":{"self":[{"href":"https:\/\/krankenhauspfarramt.de\/index.php\/wp-json\/wp\/v2\/posts\/8644"}],"collection":[{"href":"https:\/\/krankenhauspfarramt.de\/index.php\/wp-json\/wp\/v2\/posts"}],"about":[{"href":"https:\/\/krankenhauspfarramt.de\/index.php\/wp-json\/wp\/v2\/types\/post"}],"author":[{"embeddable":true,"href":"https:\/\/krankenhauspfarramt.de\/index.php\/wp-json\/wp\/v2\/users\/2"}],"replies":[{"embeddable":true,"href":"https:\/\/krankenhauspfarramt.de\/index.php\/wp-json\/wp\/v2\/comments?post=8644"}],"version-history":[{"count":1,"href":"https:\/\/krankenhauspfarramt.de\/index.php\/wp-json\/wp\/v2\/posts\/8644\/revisions"}],"predecessor-version":[{"id":8645,"href":"https:\/\/krankenhauspfarramt.de\/index.php\/wp-json\/wp\/v2\/posts\/8644\/revisions\/8645"}],"wp:featuredmedia":[{"embeddable":true,"href":"https:\/\/krankenhauspfarramt.de\/index.php\/wp-json\/wp\/v2\/media\/7535"}],"wp:attachment":[{"href":"https:\/\/krankenhauspfarramt.de\/index.php\/wp-json\/wp\/v2\/media?parent=8644"}],"wp:term":[{"taxonomy":"category","embeddable":true,"href":"https:\/\/krankenhauspfarramt.de\/index.php\/wp-json\/wp\/v2\/categories?post=8644"},{"taxonomy":"post_tag","embeddable":true,"href":"https:\/\/krankenhauspfarramt.de\/index.php\/wp-json\/wp\/v2\/tags?post=8644"}],"curies":[{"name":"wp","href":"https:\/\/api.w.org\/{rel}","templated":true}]}}