{"id":8646,"date":"2025-10-01T17:12:12","date_gmt":"2025-10-01T17:12:12","guid":{"rendered":"https:\/\/krankenhauspfarramt.de\/index.php\/2025\/10\/01\/41-robert-geisendoerfer-preis-fuer-hoerfunk-fernseh-und-onlineproduktionen-ekd\/"},"modified":"2025-10-01T17:12:13","modified_gmt":"2025-10-01T17:12:13","slug":"41-robert-geisendoerfer-preis-fuer-hoerfunk-fernseh-und-onlineproduktionen-ekd","status":"publish","type":"post","link":"https:\/\/krankenhauspfarramt.de\/index.php\/2025\/10\/01\/41-robert-geisendoerfer-preis-fuer-hoerfunk-fernseh-und-onlineproduktionen-ekd\/","title":{"rendered":"41. Robert Geisend\u00f6rfer Preis f\u00fcr H\u00f6rfunk-, Fernseh- und Onlineproduktionen \u2013 EKD"},"content":{"rendered":"<p> <br \/>\n<\/p>\n<div id=\"\">\n<p>Die feierliche Verleihung des Robert Geisend\u00f6rfer Preises 2025 findet heute, am 1.\u00a0Oktober 2025, beim Norddeutschen Rundfunk (NDR) in Hamburg statt. In diesem Jahr erhalten insgesamt sieben Produktionen den evangelischen Medienpreis. Die Jury \u201eAllgemeine Programme\u201c vergibt jeweils zwei Preise f\u00fcr H\u00f6rfunk- und Fernsehformate sowie einen Preis f\u00fcr ein Onlineformat. Die Jury \u201eKindermedien\u201c verleiht ebenfalls zwei Preise. Au\u00dferdem findet die Ehrung der Sonderpreistr\u00e4gerin der Jury 2025 statt.<\/p>\n<p>Die Jury \u201eAllgemeine Programme\u201c des Robert Geisend\u00f6rfer Preises unter Leitung der Vorsitzenden, Kirchenpr\u00e4sidentin Dorothee W\u00fcst, zeichnet folgende Produktionen aus:<\/p>\n<p><strong>H\u00f6rfunk<\/strong><\/p>\n<p><em>H\u00f6rspiel nach dem Bestseller von Bernardine Evaristo \u201eM\u00e4dchen, Frau etc.\u201c:<\/em><\/p>\n<p>Den Preis erhalten Laura Laabs (Regisseurin), Sebastian M. Purf\u00fcrst (Komponist\/Editor) und Jackie Thomae (Autorin).<\/p>\n<p>Hessischer Rundfunk 2024, H\u00f6rspielredaktion, verantwortliche Redakteurin: Cordula Huth.<\/p>\n<p>Begr\u00fcndung der Jury: \u201eM\u00e4dchen, Frau etc.\u201c von Jackie Thomae erz\u00e4hlt von den unterschiedlichen Lebenswegen und Erfahrungen Schwarzer Frauen und Queers in Gro\u00dfbritannien. Es beinhaltet viel: toll gezeichnete Charaktere, wichtige intersektional gepr\u00e4gte Themen sowie Rhythmus und Geschwindigkeit, die die Zuh\u00f6rer:innen durchs H\u00f6rspiel tragen. Was dem Format besonders gelingt, ist, Gef\u00fchl, W\u00e4rme und Offenheit auch in vermeintlich harten Themen finden &#8211; das macht die Produktion so besonders.<\/p>\n<p><em>Dokumentarh\u00f6rspiel \u201eKeine Namen, niemand\u201c:<\/em><\/p>\n<p>Den Preis erhalten Annette Kufner (Autorin) und Franziska Stuhr (Regisseurin).<\/p>\n<p>Deutschlandfunk Kultur 2024, Redaktion Feature, H\u00f6rspiel, Radiokunst, verantwortliche Redakteurin: Barbara Gerland.<\/p>\n<p>Begr\u00fcndung der Jury: Das dokumentarische H\u00f6rspiel \u201eKeine Namen, niemand\u201c von Annette Kufner macht eindringlich erfahrbar, wie Sinti und Roma in einem kleinen Ort zur Zeit des Nationalsozialismus drangsaliert, deportiert und ausgel\u00f6scht wurden. Gest\u00fctzt auf Dokumente und Zeitzeugenberichte erz\u00e4hlt Kufner so anschaulich wie bedr\u00fcckend, wie Verfolgung, Mitl\u00e4ufertum und Vertuschung ineinandergriffen. Franziska Stuhr inszeniert zur\u00fcckhaltend und pr\u00e4zise, die Sprecher:innen geben den \u00dcberlebenden ihre Stimmen. So entsteht ein wichtiges St\u00fcck Erinnerung, das \u00fcber eine lange verschwiegene Geschichte aufkl\u00e4rt.<\/p>\n<p><strong>Fernsehen<\/strong><\/p>\n<p><em>Dokumentation \u201eAusgesetzt in der W\u00fcste\u201c:<\/em><\/p>\n<p>Den Preis erhalten Philipp Gr\u00fcll (Autor) und Erik H\u00e4u\u00dfler (Regisseur).<\/p>\n<p>Bayerischer Rundfunk in Co-Produktion mit DW, NDR und Lighthouse Reports, 2024, Programmbereich Kultur, verantwortliche Redakteur:innen: Astrid Harms-Limmer (BR), Elisabeth Lehmann (DW), Klaas von Dijken (Lighthouse Reports), Ben Bolz (NDR).<\/p>\n<p>Begr\u00fcndung der Jury: Philipp Gr\u00fcll und Erik H\u00e4u\u00dfler zeigen in ihrem unter gef\u00e4hrlichen Umst\u00e4nden entstandenen Dokumentarfilm ersch\u00fctternde Einblicke in die Folgen der EU-Migrationsabkommen mit nordafrikanischen Staaten. Schockierende Bilder dokumentieren die systematische Verschleppung von Fl\u00fcchtlingen in die W\u00fcste, Misshandlung und Tod. Der herausragende Film gibt diesen Menschen ein Gesicht und eine Stimme \u2013 jenseits von Zahlen und sicherheitspolitischen Erw\u00e4gungen. Soll das \u201eder Preis unserer Sicherheit\u201c sein?<\/p>\n<p><em>Fernsehfilm nach dem Roman von Christian Baron \u201eEin Mann seiner Klasse\u201c:<\/em><\/p>\n<p>Den Preis erhalten Nicole Armbruster (Autorin), Marc Brummund (Autor\/Regisseur), Leonard Kunz (Schauspieler) und Camille Moltzen (Schauspieler).<\/p>\n<p>S\u00fcdwestrundfunk in Co-Produktion mit dem BR, 2024, Film und Planung (SWR), verantwortliche Redakteur:innen: Monika Denisch (SWR), Patricius Mayer (BR).<\/p>\n<p>Begr\u00fcndung der Jury: Der Fernsehfilm \u201eEin Mann seiner Klasse\u201c erz\u00e4hlt bewegend die Kindheit eines Jungen in prek\u00e4ren Verh\u00e4ltnissen, gepr\u00e4gt von Gewalt, Alkohol und schmerzhafter Vatersuche, aber auch von Menschen, die Hoffnung geben. Die Produktion vermeidet Klischees, zeigt empathisch und undramatisch gesellschaftliche Wirklichkeit und pl\u00e4diert f\u00fcr Chancengerechtigkeit jenseits von Milieuschubladen. Sie verbindet erz\u00e4hlerische Dichte mit gesellschaftlicher Relevanz \u2013 und setzt damit Ma\u00dfst\u00e4be f\u00fcr engagiertes Fernsehen. Dieser Film nimmt ein Milieu in den Blick, das selten eine B\u00fchne bekommt \u2013 differenziert, kunstvoll und ohne moralische \u00dcberheblichkeit.<\/p>\n<p><strong>Online<\/strong><\/p>\n<p><em>Podcastserie \u201eDiagnose: Unangepasst \u2013 Der Albtraum Tripperburg\u201c:<\/em><\/p>\n<p>Den Preis erhalten die Autorinnen Ann-Kathrin Canj\u00e9, Sophie Rauch und Charlotte Witt.<\/p>\n<p>Mitteldeutscher Rundfunk, 2024, Redaktion: MDR next.<\/p>\n<p>Begr\u00fcndung der Jury: \u201eDiagnose: Unangepasst\u201c erz\u00e4hlt eindr\u00fccklich von den ber\u00fcchtigten \u201eTripperburgen\u201c der DDR \u2013 geschlossenen Kliniken, in denen als unangepasst geltende M\u00e4dchen Zwangsuntersuchungen, Gewalt und Dem\u00fctigung erlitten. Charlotte Witt, Ann-Kathrin Canj\u00e9 und Sophie Rauch machen mit engagierter Recherche, sensiblen Interviews und innovativem Sounddesign ein verdr\u00e4ngtes Kapitel deutscher Geschichte sichtbar. Der Podcast meistert die Gratwanderung zwischen Aufkl\u00e4rung und Respekt und erinnert daran, wie wichtig es ist, Unrecht nicht zu vergessen und Demokratie zu bewahren.<\/p>\n<p><strong>Kindermedien<\/strong><\/p>\n<p>Die Jury \u201eKindermedien\u201c des Robert Geisend\u00f6rfer Preises unter Leitung des Vorsitzenden Udo Hahn verleiht ihre Preise an folgende Produktionen:<\/p>\n<p><em>Kinderwissenssendung \u201eChecker Tobi \u2013 Der Krebs-Check\u201c:<\/em><\/p>\n<p>Den Preis erhalten Tobias Krell (Moderator) und Antonia Simm (Autorin\/Regisseurin).<\/p>\n<p>Bayerischer Rundfunk 2024, Redaktion Kinder, verantwortliche Redakteurinnen: Monika E. Schweiger und Tina Petersen.<\/p>\n<p>Begr\u00fcndung der Jury: Der \u201eKrebs-Check\u201c aus der BR-Reihe \u201eChecker Tobi\u201c erkl\u00e4rt die Krankheit sachlich, kindgerecht und ohne Angst zu sch\u00fcren. Antonia Simm findet in Buch und Regie ein vorbildliches Gleichgewicht, Tobias Krell \u00fcberzeugt mit Anschaulichkeit und Augenh\u00f6he. Hoffnung weckt insbesondere das Gespr\u00e4ch mit einem neunj\u00e4hrigen M\u00e4dchen mit Knochenkrebs. Die Sendung vermittelt komplexe Medizin einf\u00fchlsam, verst\u00e4ndlich und mit einer konkreten Handlungsoption \u2013 ein herausragender Wissensbeitrag voller Empathie und Zuversicht.<\/p>\n<p><em>Animationsserie \u201eFritzi und Sophie\u201c und die Dokumentation \u201eAuf Fritzis Spuren \u2013 Wie war das so in der DDR?\u201c:<\/em><\/p>\n<p>Den Preis erhalten die Regisseure Matthias Bruhn und Ralf Kukula.<\/p>\n<p>Mitteldeutscher Rundfunk, 2024, Redaktion Kinder und Familie, in Co-Produktion mit SWR und WDR, verantwortliche Redakteur:innen: Sabine Scheuring, Anke Lindemann, Alexander Roth und Florian Walter Friedrich (MDR), Stefanie von Ehrenstein (SWR), Jens Opatz (WDR) in Zusammenarbeit mit Andrea Gentsch (Regisseurin) und Thomas Meyer-Hermann.<\/p>\n<p>Begr\u00fcndung der Jury: Den Regisseuren Ralf Kukula und Matthias Bruhn ist gemeinsam mit Andrea Gensch sowie Thomas Meyer-Hermann mit \u201eAuf Fritzis Spuren \u2013 Wie war das so in der DDR?\u201c die innovativste und mutigste Produktion des Kinderfernsehjahrgangs 2024 gelungen. Gemeinsam mit der Zeichentrickserie \u201eFritzi und Sophie\u201c gelingt es der Dokuserie, ein wichtiges Kapitel deutsch-deutscher Geschichte verst\u00e4ndlich zu erz\u00e4hlen und dabei gro\u00dfe Empathie zu wecken.<\/p>\n<p><strong>Sonderpreis der Jury 2025<\/strong><\/p>\n<p>Den Sonderpreis der Jury des Robert Geisend\u00f6rfer Preises 2025 erh\u00e4lt die Schauspielerin, Kabarettistin und S\u00e4ngerin Maren Kroymann. Die Jury w\u00fcrdigt damit das jahrzehntelange k\u00fcnstlerische Wirken einer au\u00dfergew\u00f6hnlichen Frau, die mit Mut, Scharfsinn und Humor Ma\u00dfst\u00e4be in der deutschen Medienlandschaft gesetzt hat. Die Laudatio h\u00e4lt Klaudia Wick, Deutsche Kinemathek \u2013 Museum f\u00fcr Film und Fernsehen.<\/p>\n<p>Begr\u00fcndung der Jury: \u201eIst die Kroymann noch gut?\u201c, fragte die Preistr\u00e4gerin zuletzt selbstironisch in ihrer eigenen Show. Die Jury fand: Sie ist nicht nur immer noch gut \u2013 sie wird immer besser! Maren Kroymann verk\u00f6rpert seit \u00fcber 40 Jahren auf B\u00fchnen, Leinwand und im Fernsehen in einzigartiger Weise, was Robert Geisend\u00f6rfer vorschwebte: mutig die Stimme erheben, unbequem sein, f\u00fcr Gleichberechtigung k\u00e4mpfen, die Menschen in den Blick nehmen!<\/p>\n<p>Das tut Maren Kroymann mit Sch\u00e4rfe und Humor, \u00fcberaus geistreich, begabt und wortgewaltig, unterhaltend, komisch, befreiend und entlarvend.<\/p>\n<p>Moderiert wird die Verleihung des Robert Geisend\u00f6rfer Preises von der Fernsehmoderatorin Julia Westlake. An dem Wettbewerb beteiligen sich j\u00e4hrlich \u00f6ffentlich-rechtliche und private Rundfunkveranstalter sowie Verantwortliche und Kreative von Onlineformaten. Ausgezeichnet werden H\u00f6rfunk-, Fernseh- und Onlineformate aus allen Programmsparten, die das pers\u00f6nliche und soziale Verantwortungsbewusstsein st\u00e4rken, zum guten Miteinander von Einzelnen, Gruppen, V\u00f6lkern und zur gegenseitigen Achtung der Geschlechter beitragen. Die Preise sind jeweils mit 5.000 Euro dotiert, der Sonderpreis ist undotiert.<\/p>\n<p>Bildmaterial von der Preisverleihung und den einzelnen Preistr\u00e4gerinnen und Preistr\u00e4gern finden Sie am Abend der Preisverleihung ab 21.30 Uhr zum Download unter: https:\/\/www.geisendoerferpreis.de\/presse.<\/p>\n<p>Gerne vermitteln wir auch Intervieww\u00fcnsche mit den Preistr\u00e4gerinnen und Preistr\u00e4gern.<\/p>\n<p>Pressekontakt am Tag der Preisverleihung: Torsten Spille, Tel.: 0170\/6085496.<\/p>\n<p>Hannover, 1. Oktober 2025<\/p>\n<p>Pressestelle der EKD<\/p>\n<\/div>\n","protected":false},"excerpt":{"rendered":"<p>Die feierliche Verleihung des Robert Geisend\u00f6rfer Preises 2025 findet heute, am 1.\u00a0Oktober 2025, beim Norddeutschen Rundfunk (NDR) in Hamburg statt.<\/p>\n","protected":false},"author":2,"featured_media":8647,"comment_status":"closed","ping_status":"closed","sticky":false,"template":"","format":"standard","meta":{"footnotes":""},"categories":[20],"tags":[],"_links":{"self":[{"href":"https:\/\/krankenhauspfarramt.de\/index.php\/wp-json\/wp\/v2\/posts\/8646"}],"collection":[{"href":"https:\/\/krankenhauspfarramt.de\/index.php\/wp-json\/wp\/v2\/posts"}],"about":[{"href":"https:\/\/krankenhauspfarramt.de\/index.php\/wp-json\/wp\/v2\/types\/post"}],"author":[{"embeddable":true,"href":"https:\/\/krankenhauspfarramt.de\/index.php\/wp-json\/wp\/v2\/users\/2"}],"replies":[{"embeddable":true,"href":"https:\/\/krankenhauspfarramt.de\/index.php\/wp-json\/wp\/v2\/comments?post=8646"}],"version-history":[{"count":1,"href":"https:\/\/krankenhauspfarramt.de\/index.php\/wp-json\/wp\/v2\/posts\/8646\/revisions"}],"predecessor-version":[{"id":8648,"href":"https:\/\/krankenhauspfarramt.de\/index.php\/wp-json\/wp\/v2\/posts\/8646\/revisions\/8648"}],"wp:featuredmedia":[{"embeddable":true,"href":"https:\/\/krankenhauspfarramt.de\/index.php\/wp-json\/wp\/v2\/media\/8647"}],"wp:attachment":[{"href":"https:\/\/krankenhauspfarramt.de\/index.php\/wp-json\/wp\/v2\/media?parent=8646"}],"wp:term":[{"taxonomy":"category","embeddable":true,"href":"https:\/\/krankenhauspfarramt.de\/index.php\/wp-json\/wp\/v2\/categories?post=8646"},{"taxonomy":"post_tag","embeddable":true,"href":"https:\/\/krankenhauspfarramt.de\/index.php\/wp-json\/wp\/v2\/tags?post=8646"}],"curies":[{"name":"wp","href":"https:\/\/api.w.org\/{rel}","templated":true}]}}