{"id":8651,"date":"2025-10-01T23:27:12","date_gmt":"2025-10-01T23:27:12","guid":{"rendered":"https:\/\/krankenhauspfarramt.de\/index.php\/2025\/10\/01\/01-10-2025-netzwerk-der-verstaendigung-und-versoehnung-in-europa\/"},"modified":"2025-10-01T23:27:12","modified_gmt":"2025-10-01T23:27:12","slug":"01-10-2025-netzwerk-der-verstaendigung-und-versoehnung-in-europa","status":"publish","type":"post","link":"https:\/\/krankenhauspfarramt.de\/index.php\/2025\/10\/01\/01-10-2025-netzwerk-der-verstaendigung-und-versoehnung-in-europa\/","title":{"rendered":"01.10.2025 \u201eNetzwerk der Verst\u00e4ndigung und Vers\u00f6hnung in Europa\u201c"},"content":{"rendered":"<p><\/p>\n<div>\n<p><strong>Dr. Susanne Schenk wird Generalsekret\u00e4rin der Gemeinschaft Evangelischer Kirchen in Europa<\/strong><\/p>\n<p>Stuttgart\/Wien. Der Rat der Gemeinschaft Evangelischer Kirchen in Europa (GEKE) hat die w\u00fcrttembergische Pfarrerin Dr. Susanne Schenk ins Amt der Generalsekret\u00e4rin der GEKE berufen. Die 53-j\u00e4hrige Kirchenr\u00e4tin ist zurzeit Theologische Referentin von Landesbischof Ernst-Wilhelm Gohl und \u00d6kumenereferentin der Evangelischen Landeskirche in W\u00fcrttemberg. Sie wird ihr neues Amt am 1. M\u00e4rz 2026 antreten. Dr. Susanne Schenk folgt auf Dr.\u00a0Mario Fischer, der zum 1. Mai 2026 seinen Dienst als Leiter und Catholica-Referent des Konfessionskundlichen Instituts in Bensheim, Deutschland, antreten wird.<\/p>\n<p>\u00dcber ihre neue Aufgabe sagt Susanne Schenk: \u201eIch freue mich sehr \u00fcber die Wahl zur Generalsekret\u00e4rin und bin dankbar f\u00fcr das Vertrauen, das die Mitglieder von Rat und Pr\u00e4sidium mir entgegenbringen. Die GEKE sch\u00e4tze ich als Kirchengemeinschaft, die aus der gemeinsamen Erfahrung der Vers\u00f6hnung in Wort und Sakrament lebt. Und die daraus den Auftrag wie auch den Mut sch\u00f6pft, Perspektiven der Vers\u00f6hnung zu er\u00f6ffnen \u2013 im Umgang mit den Verschiedenheiten und Dissensthemen innerhalb der Gemeinschaft und als Beitrag zum gesellschaftlichen Miteinander in Europa. Als Generalsekret\u00e4rin m\u00f6chte ich zusammen mit dem Team des Wiener B\u00fcros an der Seite von Pr\u00e4sidium und Rat daran mitwirken, die GEKE als Netzwerk der Verst\u00e4ndigung und Vers\u00f6hnung in Europa weiterzuentwickeln und die Wahrnehmung der GEKE in den Mitgliedskirchen und Gemeinden zu st\u00e4rken.\u201c<\/p>\n<p>Rita Famos, die gesch\u00e4ftsf\u00fchrende Pr\u00e4sidentin der GEKE, sagt \u00fcber Schenks Berufung: \u201eDie Rolle des Generalsekret\u00e4rs oder der Generalsekret\u00e4rin der GEKE ist in den vergangenen sieben Jahren durch die Hauptamtlichkeit komplexer geworden. Ich bin daher sehr froh und auch dankbar, dass wir mit Susanne Schenk eine ausgewiesene Kirchenhistorikerin und erfahrene \u00d6kumenikerin gewinnen konnten, die der GEKE schon seit vielen Jahren verbunden ist und der wir diese Aufgabe zutrauen. Wir freuen uns auf die Zusammenarbeit und werden sie in ihrer zuk\u00fcnftigen Aufgabe nach Kr\u00e4ften unterst\u00fctzen.\u201c<\/p>\n<p>Susanne Schenk studierte nach dem Abitur am Evangelischen Seminar Blaubeuren Theologie in Bethel (Bielefeld), Oxford, Princeton, Heidelberg und T\u00fcbingen. Das Vikariat und die ersten Berufsjahre als Pfarrerin verbrachte sie in der Evangelischen Landeskirche in W\u00fcrttemberg. Von 2006 bis 2011 war sie Wissenschaftliche Assistentin im Fach Kirchengeschichte an der Augustana-Hochschule Neuendettelsau und von 2011 bis 2014 in gleicher Funktion an der Universit\u00e4t T\u00fcbingen. 2012 wurde sie mit einer Arbeit zu \u201ePerspektiven des Heils in Anselms Korrespondenz mit Frauen\u201c zur Dr. theol. promoviert. Anschlie\u00dfend war sie im Gemeindepfarrdienst t\u00e4tig und hatte f\u00fcr drei Jahre eine Sonderpfarrstelle f\u00fcr das Reformationsjubil\u00e4um im Dekanat Ulm inne. Seit 2019 ist sie Fachreferentin f\u00fcr \u00d6kumene im Oberkirchenrat der Evangelischen Landeskirche in W\u00fcrttemberg und damit unter anderem f\u00fcr interkonfessionelle Dialoge und die Pflege europ\u00e4ischer Kirchenkontakte zust\u00e4ndig.\u00a0<\/p>\n<p>Sie ist mit Inhalten, Prozessen sowie vielen Akteurinnen und Akteuren der GEKE vertraut: Susanne Schenk hat an dem Lehrgespr\u00e4ch \u201eKirchengemeinschaft\u201c mitgearbeitet, war Mitglied der S\u00fcdosteuropa-Regionalgruppe, hat an den Vollversammlungen 2018 in Basel und 2024 in Hermannstadt\/Sibiu teilgenommen und war seit 2024 auch stellvertretendes Ratsmitglied der GEKE.<\/p>\n<p>Susanne Schenk ist verheiratet und Mutter zweier erwachsener Kinder.\u00a0<\/p>\n<p><strong>\u00dcber die GEKE<\/strong><\/p>\n<p>Die GEKE ist die Gemeinschaft der evangelischen Kirchen in Europa. 96 lutherische, methodistische, reformierte und unierte Kirchen aus \u00fcber drei\u00dfig L\u00e4ndern Europas und S\u00fcdamerikas geh\u00f6ren dazu. Die GEKE vertritt damit insgesamt rund 50 Millionen Protestanten.<\/p>\n<p>Die GEKE gibt es dank der Leuenberger Konkordie aus dem Jahr 1973. Sie stellt fest: Kirchen d\u00fcrfen unterschiedlich sein, da sie auf dem Evangelium als gemeinsamer Basis beruhen. Was sich einfach anh\u00f6rt, hatte weitreichende Konsequenzen: Seither darf ein lutherischer Pfarrer auf einer reformierten Kanzel predigen oder eine franz\u00f6sische Pfarrerin eine Gemeinde in Deutschland leiten. Die GEKE (bis 2003 \u201eLeuenberger Kirchengemeinschaft\u201c) hat eine klare Struktur. Eine Vollversammlung bestimmt etwa alle sechs Jahre die Grundlinien der Arbeit. Der 13-k\u00f6pfige Rat, gef\u00fchrt durch ein dreik\u00f6pfiges Pr\u00e4sidium, leitet zwischen den Vollversammlungen die Arbeit, die von der Gesch\u00e4ftsstelle in Wien koordiniert wird.<\/p>\n<p>Dan Peter<br \/>Sprecher der Landeskirche<\/p>\n<\/p><\/div>\n","protected":false},"excerpt":{"rendered":"<p>Dr. Susanne Schenk wird Generalsekret\u00e4rin der Gemeinschaft Evangelischer Kirchen in Europa Stuttgart\/Wien. Der Rat der Gemeinschaft Evangelischer Kirchen in Europa<\/p>\n","protected":false},"author":1,"featured_media":0,"comment_status":"closed","ping_status":"closed","sticky":false,"template":"","format":"standard","meta":{"footnotes":""},"categories":[21],"tags":[],"_links":{"self":[{"href":"https:\/\/krankenhauspfarramt.de\/index.php\/wp-json\/wp\/v2\/posts\/8651"}],"collection":[{"href":"https:\/\/krankenhauspfarramt.de\/index.php\/wp-json\/wp\/v2\/posts"}],"about":[{"href":"https:\/\/krankenhauspfarramt.de\/index.php\/wp-json\/wp\/v2\/types\/post"}],"author":[{"embeddable":true,"href":"https:\/\/krankenhauspfarramt.de\/index.php\/wp-json\/wp\/v2\/users\/1"}],"replies":[{"embeddable":true,"href":"https:\/\/krankenhauspfarramt.de\/index.php\/wp-json\/wp\/v2\/comments?post=8651"}],"version-history":[{"count":0,"href":"https:\/\/krankenhauspfarramt.de\/index.php\/wp-json\/wp\/v2\/posts\/8651\/revisions"}],"wp:attachment":[{"href":"https:\/\/krankenhauspfarramt.de\/index.php\/wp-json\/wp\/v2\/media?parent=8651"}],"wp:term":[{"taxonomy":"category","embeddable":true,"href":"https:\/\/krankenhauspfarramt.de\/index.php\/wp-json\/wp\/v2\/categories?post=8651"},{"taxonomy":"post_tag","embeddable":true,"href":"https:\/\/krankenhauspfarramt.de\/index.php\/wp-json\/wp\/v2\/tags?post=8651"}],"curies":[{"name":"wp","href":"https:\/\/api.w.org\/{rel}","templated":true}]}}