{"id":8652,"date":"2025-10-02T05:11:50","date_gmt":"2025-10-02T05:11:50","guid":{"rendered":"https:\/\/krankenhauspfarramt.de\/index.php\/2025\/10\/02\/ostdenkschrift-war-signal-der-versoehnung-ekd\/"},"modified":"2025-10-02T05:11:51","modified_gmt":"2025-10-02T05:11:51","slug":"ostdenkschrift-war-signal-der-versoehnung-ekd","status":"publish","type":"post","link":"https:\/\/krankenhauspfarramt.de\/index.php\/2025\/10\/02\/ostdenkschrift-war-signal-der-versoehnung-ekd\/","title":{"rendered":"Ostdenkschrift war &#8222;Signal der Vers\u00f6hnung&#8220; \u2013 EKD"},"content":{"rendered":"<p> <br \/>\n<\/p>\n<div>\n<p>Hannover (epd). Die Evangelische Kirche in Deutschland (EKD) hat an die Ver\u00f6ffentlichung ihrer Ostdenkschrift vor 60 Jahren erinnert. \u201eNur 20 Jahre nach dem Ende des Krieges setzte die Denkschrift ein Signal der Vers\u00f6hnung, das bis heute nachwirkt\u201c, erkl\u00e4rte die EKD-Ratsvorsitzende Kirsten Fehrs am Dienstag in Hannover. \u201eAngesichts der Schrecken des Krieges und der unvorstellbaren Gewalttaten, die von Deutschen in Polen ver\u00fcbt wurden, angesichts der anschlie\u00dfenden Schrecken von Flucht und Vertreibung empfinde ich diesen mutigen Schritt bis heute als ein Wunder\u201c, f\u00fcgte die Hamburger Bisch\u00f6fin hinzu. Zum 60. Jahrestag der Ostdenkschrift des Rates der EKD findet am 4. und 5. Oktober 2025 eine Gedenkveranstaltung in Warschau statt.<\/p>\n<p>Vers\u00f6hnung sei kein abgeschlossener Akt, sondern ein fortw\u00e4hrender Prozess, betonte Fehrs: \u201eDoch das, was in der polnisch-deutschen Auss\u00f6hnung bislang erreicht wurde, erf\u00fcllt mich mit tiefer Dankbarkeit.\u201c Bischof Jerzy Samiec, Leitender Bischof der Evangelisch-Augsburgischen Kirche der Republik Polen, erg\u00e4nzte, es brauche auch aktuell \u201emutige F\u00fchrungspers\u00f6nlichkeiten, die sich von der Abh\u00e4ngigkeit von Umfragen l\u00f6sen, den Blick in die Zukunft richten, Verst\u00e4ndnis zeigen und die richtigen Wege aufzeigen\u201c. Man m\u00fcsse sich best\u00e4ndig vor Augen halten, wie \u201ezerbrechlich die Vers\u00f6hnung ist und wie viel Arbeit sie uns nach wie vor abverlangt.\u201c<\/p>\n<p>Am 1. Oktober 1965 ver\u00f6ffentlichte der Rat der EKD die Ostdenkschrift mit dem Titel \u201eZur Lage der Vertriebenen und zum Verh\u00e4ltnis des deutschen Volkes zu seinen \u00f6stlichen Nachbarn\u201c. Sie ver\u00e4nderte laut EKD den deutsch-polnischen Dialog ma\u00dfgeblich, bereitete den Boden f\u00fcr Verst\u00e4ndigung und war wegweisend f\u00fcr die christliche Reflexion \u00fcber Vergebung und Vers\u00f6hnung. Nur wenige Wochen sp\u00e4ter folgte die Botschaft der polnischen Bisch\u00f6fe an die deutschen Bisch\u00f6fe vom 18. November 1965 mit den ber\u00fchmten Worten: \u201eWir vergeben und bitten um Vergebung.\u201c<\/p>\n<p>Zur Gedenkveranstaltung in Warschau im Rahmen einer Konferenz im polnischen Sejm werden G\u00e4ste aus Politik, Kirchen und Wissenschaft erwartet, darunter Bundestagsvizepr\u00e4sident Bodo Ramelow (Linke) sowie Piotr Zgorzelski, Vizepr\u00e4sident des polnischen Sejm, dem Parlament Polens. Das Programm umfasst den Angaben zufolge Gebete, theologische Reflexionen, Fachvortr\u00e4ge und kulturelle Beitr\u00e4ge.<\/p>\n<\/p><\/div>\n<div id=\"\">\n    <!-- Test for teaser --><br \/>\n    <!--Val: 1 --><\/p>\n<p>                    \t    <!-- SRC:  --><\/p>\n<aside class=\"article--aside quintus teaser teaser__related rs_skip rs_preserve\">\n<div class=\"teaser--article teaser--content\">\n<figure class=\"teaser--image\">\n                                                    <picture><source media=\"(max-width:935px)\" srcset=\"https:\/\/www.ekd.de\/ekd_de\/ds_img\/assets_1875_x\/Teaser%20Bild_rdax_625x352_60s.jpg 1x, https:\/\/www.ekd.de\/ekd_de\/ds_img\/assets_1875_x\/Teaser%20Bild_rdax_1250x704_60s.jpg 2x, https:\/\/www.ekd.de\/ekd_de\/ds_img\/assets_1875_x\/Teaser%20Bild_rdax_60s.jpg 3x\"><source media=\"(min-width:934px)\" srcset=\"https:\/\/www.ekd.de\/ekd_de\/ds_img\/assets_1875_x\/Teaser%20Bild_rdax_360x203_70s.jpg 1x, https:\/\/www.ekd.de\/ekd_de\/ds_img\/assets_1875_x\/Teaser%20Bild_rdax_720x406_70s.jpg 2x, https:\/\/www.ekd.de\/ekd_de\/ds_img\/assets_1875_x\/Teaser%20Bild_rdax_1080x608_70s.jpg 3x\"><\/source><\/source><\/picture><figcaption\/>\n                                                <\/figure>\n<p class=\"quintus--text teaser--text\">Impulse zur deutschen Ostpolitik, EKD 2025<\/p>\n<\/p><\/div>\n<\/aside>\n<div class=\"article--content\">\n<p>Im Mittelpunkt soll die Rolle der Kirchen im Vers\u00f6hnungsprozess angesichts aktueller Herausforderungen wie Populismus, Extremismus, Kriege und gesellschaftliche Spannungen stehen.<\/p>\n<\/p><\/div>\n<\/div>\n","protected":false},"excerpt":{"rendered":"<p>Hannover (epd). Die Evangelische Kirche in Deutschland (EKD) hat an die Ver\u00f6ffentlichung ihrer Ostdenkschrift vor 60 Jahren erinnert. \u201eNur 20<\/p>\n","protected":false},"author":2,"featured_media":7991,"comment_status":"closed","ping_status":"closed","sticky":false,"template":"","format":"standard","meta":{"footnotes":""},"categories":[20],"tags":[],"_links":{"self":[{"href":"https:\/\/krankenhauspfarramt.de\/index.php\/wp-json\/wp\/v2\/posts\/8652"}],"collection":[{"href":"https:\/\/krankenhauspfarramt.de\/index.php\/wp-json\/wp\/v2\/posts"}],"about":[{"href":"https:\/\/krankenhauspfarramt.de\/index.php\/wp-json\/wp\/v2\/types\/post"}],"author":[{"embeddable":true,"href":"https:\/\/krankenhauspfarramt.de\/index.php\/wp-json\/wp\/v2\/users\/2"}],"replies":[{"embeddable":true,"href":"https:\/\/krankenhauspfarramt.de\/index.php\/wp-json\/wp\/v2\/comments?post=8652"}],"version-history":[{"count":1,"href":"https:\/\/krankenhauspfarramt.de\/index.php\/wp-json\/wp\/v2\/posts\/8652\/revisions"}],"predecessor-version":[{"id":8653,"href":"https:\/\/krankenhauspfarramt.de\/index.php\/wp-json\/wp\/v2\/posts\/8652\/revisions\/8653"}],"wp:featuredmedia":[{"embeddable":true,"href":"https:\/\/krankenhauspfarramt.de\/index.php\/wp-json\/wp\/v2\/media\/7991"}],"wp:attachment":[{"href":"https:\/\/krankenhauspfarramt.de\/index.php\/wp-json\/wp\/v2\/media?parent=8652"}],"wp:term":[{"taxonomy":"category","embeddable":true,"href":"https:\/\/krankenhauspfarramt.de\/index.php\/wp-json\/wp\/v2\/categories?post=8652"},{"taxonomy":"post_tag","embeddable":true,"href":"https:\/\/krankenhauspfarramt.de\/index.php\/wp-json\/wp\/v2\/tags?post=8652"}],"curies":[{"name":"wp","href":"https:\/\/api.w.org\/{rel}","templated":true}]}}