{"id":8654,"date":"2025-10-02T05:21:02","date_gmt":"2025-10-02T05:21:02","guid":{"rendered":"https:\/\/krankenhauspfarramt.de\/index.php\/2025\/10\/02\/moderne-alternativen-und-ergaenzungen-ekd\/"},"modified":"2025-10-02T05:21:03","modified_gmt":"2025-10-02T05:21:03","slug":"moderne-alternativen-und-ergaenzungen-ekd","status":"publish","type":"post","link":"https:\/\/krankenhauspfarramt.de\/index.php\/2025\/10\/02\/moderne-alternativen-und-ergaenzungen-ekd\/","title":{"rendered":"\u201eModerne Alternativen und Erg\u00e4nzungen\u201c \u2013 EKD"},"content":{"rendered":"<p> <br \/>\n<\/p>\n<div id=\"\">\n<div class=\"article--meta article--meta__border clearfix\">\n<p>                                    <time datetime=\"01.10.2025 10:00\" class=\"article--time\">01.10.2025<\/time><\/p>\n<p>                                     <strong class=\"article--type primus--overline\">Pressemitteilung<\/strong><\/p>\n<picture class=\"article--source-image image\"><source srcset=\"https:\/\/www.ekd.de\/ekd_de\/ds_img\/assets\/velkd.jpg\"><!--<source srcset=\"\/ekd_de\/ds_img\/assets\/velkd_rdax_141x141s.jpg 1x, \/ekd_de\/ds_img\/assets\/velkd_rdax_282x282s.jpg 2x, https:\/\/www.ekd.de\/ekd_de\/ds_img\/assets\/velkd.jpg 3x\">--><\/p>\n<p>    <\/source><\/picture>\n<\/p><\/div>\n<h2 class=\"article--sub-headline primus--sub-headline\">Kompositionswettbewerb zu Gedichten von Paul Gerhardt zu seinem  350. Todestag ist auf der Zielgeraden<\/h2>\n<\/p><\/div>\n<div id=\"\">\n<p>\u201eWir sind sehr zufrieden, wie gut der Kompositionswettbewerb angenommen wird\u201c, sagt Konrad Klek, Pr\u00e4sident der Paul-Gerhardt-Gesellschaft. Diese hat gemeinsam mit der VELKD und den Magazinen chrismon und zeitzeichen den Paul-Gerhardt-Preis ausgelobt, bei dem neue Vertonungen der Texte von Paul Gerhardt (1607-1676) mit bis zu 3.000 Euro pr\u00e4miert werden. \u201eDie Jury freut sich bereits, viele neue Melodien zu altbekannten Texten kennenzulernen\u201c, so Klek anl\u00e4sslich des Weltmusiktages am 1. Oktober.<\/p>\n<p>Ziel des Wettbewerbs sei es aber nicht, die bekannten und beliebten Melodien, wie sie auch im Evangelischen Gesangbuch stehen, abzul\u00f6sen. Es gehe vielmehr um moderne Alternativen und Erg\u00e4nzungen zum bereits Bestehenden. Der Wettbewerb, f\u00fcr den die fr\u00fchere EKD-Ratsvorsitzende Margot K\u00e4\u00dfmann die Schirmherrschaft \u00fcbernommen hat, will M\u00f6glichkeiten schaffen, die Texte des evangelischen Dichterpfarrers Paul Gerhardt neu zu erleben und darin verborgene Details zu entdecken.<\/p>\n<p>Noch bis zum Reformationstag, also dem 31.\u00a0Oktober\u00a02025, k\u00f6nnen Kompositionen unter www.velkd.de\/paul-gerhardt-preis eingereicht werden. Die Preisverleihung wird im Fr\u00fchsommer am 350.\u00a0Todestag des Dichters, dem 27. Mai 2026, in Berlin stattfinden.<\/p>\n<p>Das Logo des Paul-Gerhardt-Preises steht als Download zur Verf\u00fcgung (Credit: VELKD).<\/p>\n<p>Hannover, 1. Oktober 2025<\/p>\n<p>Pressestelle der VELKD<br \/>Frank Hofmann<br \/>Pressesprecher<\/p>\n<\/div>\n","protected":false},"excerpt":{"rendered":"<p>01.10.2025 Pressemitteilung Kompositionswettbewerb zu Gedichten von Paul Gerhardt zu seinem 350. Todestag ist auf der Zielgeraden \u201eWir sind sehr zufrieden,<\/p>\n","protected":false},"author":2,"featured_media":7504,"comment_status":"closed","ping_status":"closed","sticky":false,"template":"","format":"standard","meta":{"footnotes":""},"categories":[20],"tags":[],"_links":{"self":[{"href":"https:\/\/krankenhauspfarramt.de\/index.php\/wp-json\/wp\/v2\/posts\/8654"}],"collection":[{"href":"https:\/\/krankenhauspfarramt.de\/index.php\/wp-json\/wp\/v2\/posts"}],"about":[{"href":"https:\/\/krankenhauspfarramt.de\/index.php\/wp-json\/wp\/v2\/types\/post"}],"author":[{"embeddable":true,"href":"https:\/\/krankenhauspfarramt.de\/index.php\/wp-json\/wp\/v2\/users\/2"}],"replies":[{"embeddable":true,"href":"https:\/\/krankenhauspfarramt.de\/index.php\/wp-json\/wp\/v2\/comments?post=8654"}],"version-history":[{"count":1,"href":"https:\/\/krankenhauspfarramt.de\/index.php\/wp-json\/wp\/v2\/posts\/8654\/revisions"}],"predecessor-version":[{"id":8655,"href":"https:\/\/krankenhauspfarramt.de\/index.php\/wp-json\/wp\/v2\/posts\/8654\/revisions\/8655"}],"wp:featuredmedia":[{"embeddable":true,"href":"https:\/\/krankenhauspfarramt.de\/index.php\/wp-json\/wp\/v2\/media\/7504"}],"wp:attachment":[{"href":"https:\/\/krankenhauspfarramt.de\/index.php\/wp-json\/wp\/v2\/media?parent=8654"}],"wp:term":[{"taxonomy":"category","embeddable":true,"href":"https:\/\/krankenhauspfarramt.de\/index.php\/wp-json\/wp\/v2\/categories?post=8654"},{"taxonomy":"post_tag","embeddable":true,"href":"https:\/\/krankenhauspfarramt.de\/index.php\/wp-json\/wp\/v2\/tags?post=8654"}],"curies":[{"name":"wp","href":"https:\/\/api.w.org\/{rel}","templated":true}]}}