{"id":8656,"date":"2025-10-02T13:26:27","date_gmt":"2025-10-02T13:26:27","guid":{"rendered":"https:\/\/krankenhauspfarramt.de\/index.php\/2025\/10\/02\/achtsam-wirtschaften-gerecht-teilen-ekd\/"},"modified":"2025-10-02T13:26:28","modified_gmt":"2025-10-02T13:26:28","slug":"achtsam-wirtschaften-gerecht-teilen-ekd","status":"publish","type":"post","link":"https:\/\/krankenhauspfarramt.de\/index.php\/2025\/10\/02\/achtsam-wirtschaften-gerecht-teilen-ekd\/","title":{"rendered":"\u201eAchtsam wirtschaften, gerecht teilen\u201c \u2013 EKD"},"content":{"rendered":"<p> <br \/>\n<\/p>\n<div id=\"\">\n<div class=\"article--meta article--meta__border clearfix\">\n<p>                                    <time datetime=\"02.10.2025 12:00\" class=\"article--time\">02.10.2025<\/time><\/p>\n<p>                                     <strong class=\"article--type primus--overline\">Pressemitteilung<\/strong><\/p>\n<picture class=\"article--source-image image\"><source srcset=\"https:\/\/www.ekd.de\/ekd_de\/ds_img\/assets\/20170622_ekd-Quellenlogo_141_rdax_423x118.png\"><!--<source srcset=\"\/ekd_de\/ds_img\/assets\/20170622_ekd-Quellenlogo_141_rdax_141x39.png 1x, \/ekd_de\/ds_img\/assets\/20170622_ekd-Quellenlogo_141_rdax_282x78.png 2x, https:\/\/www.ekd.de\/ekd_de\/ds_img\/assets\/20170622_ekd-Quellenlogo_141_rdax_423x118.png 3x\">--><\/p>\n<p>    <\/source><\/picture>\n<\/p><\/div>\n<h2 class=\"article--sub-headline primus--sub-headline\">Zum Erntedankfest ruft die EKD-Ratsvorsitzende zu einem verantwortlichen Umgang mit Lebensmitteln auf<\/h2>\n<\/p><\/div>\n<div id=\"\">\n<p>Zum Erntedankfest am 5. Oktober ruft die Ratsvorsitzende der Evangelischen Kirche in Deutschland (EKD), Bisch\u00f6fin Kirsten Fehrs, zu mehr Achtsamkeit und verantwortlichem Umgang mit den Gaben der Sch\u00f6pfung auf.<\/p>\n<p>\u201eErntedank erinnert uns daran, dass unsere Nahrung aus den Gaben Gottes besteht. Sie sind Ausdruck seiner Sch\u00f6pfungskraft und seiner F\u00fcrsorge gegen\u00fcber uns Menschen. Dass wir unser Leben nicht uns selbst verdanken, sondern dass die wirklich wichtigen Dinge wie Liebe, Natur, Freundschaft, Gesundheit, ein Segen sind, daran erinnert Erntedank\u201c, so Bisch\u00f6fin Fehrs. Diese Dankbarkeit bedeute auch, achtsam mit Lebensmitteln umzugehen, zu teilen und die Sch\u00f6pfung zu bewahren.<\/p>\n<p>\u201eEs schmerzt zu sehen, wie viele Millionen Tonnen Lebensmittel j\u00e4hrlich weggeworfen werden. Denn gerade weil alles, was wir haben, von Gott kommt, d\u00fcrfen wir es nicht verschwenden. Allein f\u00fcr weggeworfene Backwaren wird in Deutschland eine Anbaufl\u00e4che der Gr\u00f6\u00dfe Berlins ben\u00f6tigt. Das ist bedr\u00fcckend und braucht unser aller Willen und Anstrengung, dies zu \u00e4ndern.\u201c Jede vermiedene Verschwendung sei ein Zeichen der Wertsch\u00e4tzung \u2013 gegen\u00fcber der Sch\u00f6pfung ebenso wie gegen\u00fcber den Produzentinnen und Produzenten.<\/p>\n<p>Bisch\u00f6fin Fehrs dankt besonders den Landwirtinnen und Landwirten f\u00fcr ihre Arbeit unter schwierigen Bedingungen: \u201eIhre Arbeit auf Feldern, H\u00f6fen und in St\u00e4llen ist hart, ihre Zukunft oft ungewiss. Viele Landwirtinnen und Landwirte k\u00e4mpfen ums wirtschaftliche \u00dcberleben. Wer heute Erntedank feiert, sollte auch hinh\u00f6ren, wo Menschen in der Landwirtschaft existenzielle Sorgen plagen.\u201c<\/p>\n<p>Mit Blick auf die vielen Krisen und Unsicherheiten der Gegenwart betont die Ratsvorsitzende: \u201eWir feiern Erntedank mit offenen Augen und gebenden H\u00e4nden. Wir tragen Verantwortung, achtsam zu wirtschaften, gerecht zu teilen und jene im Blick zu behalten, die oft \u00fcberh\u00f6rt werden. Und \u00fcber allem steht der Dank, der die Seele vor Bitterkeit sch\u00fctzt und den Blick freigibt, das Gute zu sehen \u2013 und weiterzugeben.\u201c<\/p>\n<\/div>\n<div id=\"\">\n    <!-- Test for teaser --><br \/>\n    <!--Val: 1 --><\/p>\n<p>                    \t    <!-- SRC:  --><\/p>\n<aside class=\"article--aside quintus teaser teaser__related rs_skip rs_preserve\">\n<div class=\"teaser--article teaser--content\">\n<figure class=\"teaser--image\">\n                                                    <picture><source media=\"(max-width:935px)\" srcset=\"https:\/\/www.ekd.de\/ekd_de\/ds_img\/assets_1875_x\/teaser_erntedank2_rdax_625x352_60s.jpg 1x, https:\/\/www.ekd.de\/ekd_de\/ds_img\/assets_1875_x\/teaser_erntedank2_rdax_1250x704_60s.jpg 2x, https:\/\/www.ekd.de\/ekd_de\/ds_img\/assets_1875_x\/teaser_erntedank2_rdax_60s.jpg 3x\"><source media=\"(min-width:934px)\" srcset=\"https:\/\/www.ekd.de\/ekd_de\/ds_img\/assets_1875_x\/teaser_erntedank2_rdax_360x203_70s.jpg 1x, https:\/\/www.ekd.de\/ekd_de\/ds_img\/assets_1875_x\/teaser_erntedank2_rdax_720x406_70s.jpg 2x, https:\/\/www.ekd.de\/ekd_de\/ds_img\/assets_1875_x\/teaser_erntedank2_rdax_1080x608_70s.jpg 3x\"><img decoding=\"async\" src=\"https:\/\/www.ekd.de\/ekd_de\/ds_img\/assets_1875_x\/teaser_erntedank2_rdax_625x352_60s.jpg\" alt=\"Erntedank-Altar in Herbishofen\"\/><br \/>\n                                                    <\/source><\/source><\/picture><figcaption\/>\n                                                <\/figure>\n<p class=\"quintus--text teaser--text\">Mit dem Erntedankfest erinnern Christinnen und Christen an den engen Zusammenhang von Mensch und Natur. Gott f\u00fcr die Ernte zu danken, geh\u00f6rte zu allen Zeiten zu den religi\u00f6sen Grundbed\u00fcrfnissen. Traditionell werden in den Kirchengemeinden die Alt\u00e4re zum Abschluss der Ernte mit Feldfr\u00fcchten festlich geschm\u00fcckt.<\/p>\n<\/p><\/div>\n<\/aside>\n<div class=\"article--content\">\n<p><strong>Hintergrund<\/strong><\/p>\n<p>Das Erntedankfest geh\u00f6rt zu den \u00e4ltesten Festen der Kirche. Es l\u00e4dt ein, Gott f\u00fcr die F\u00fclle des Lebens zu danken und Verantwortung f\u00fcr die Sch\u00f6pfung zu \u00fcbernehmen.<\/p>\n<p>\u00a0<\/p>\n<p>Weitere Informationen und Materialien finden Sie auf der Themenseite der EKD.<\/p>\n<p>Hannover, 2. Oktober 2025<\/p>\n<p>Pressestelle der EKD<br \/>Carsten Splitt<\/p>\n<\/p><\/div>\n<\/div>\n","protected":false},"excerpt":{"rendered":"<p>02.10.2025 Pressemitteilung Zum Erntedankfest ruft die EKD-Ratsvorsitzende zu einem verantwortlichen Umgang mit Lebensmitteln auf Zum Erntedankfest am 5. Oktober ruft<\/p>\n","protected":false},"author":2,"featured_media":8657,"comment_status":"closed","ping_status":"closed","sticky":false,"template":"","format":"standard","meta":{"footnotes":""},"categories":[20],"tags":[],"_links":{"self":[{"href":"https:\/\/krankenhauspfarramt.de\/index.php\/wp-json\/wp\/v2\/posts\/8656"}],"collection":[{"href":"https:\/\/krankenhauspfarramt.de\/index.php\/wp-json\/wp\/v2\/posts"}],"about":[{"href":"https:\/\/krankenhauspfarramt.de\/index.php\/wp-json\/wp\/v2\/types\/post"}],"author":[{"embeddable":true,"href":"https:\/\/krankenhauspfarramt.de\/index.php\/wp-json\/wp\/v2\/users\/2"}],"replies":[{"embeddable":true,"href":"https:\/\/krankenhauspfarramt.de\/index.php\/wp-json\/wp\/v2\/comments?post=8656"}],"version-history":[{"count":1,"href":"https:\/\/krankenhauspfarramt.de\/index.php\/wp-json\/wp\/v2\/posts\/8656\/revisions"}],"predecessor-version":[{"id":8658,"href":"https:\/\/krankenhauspfarramt.de\/index.php\/wp-json\/wp\/v2\/posts\/8656\/revisions\/8658"}],"wp:featuredmedia":[{"embeddable":true,"href":"https:\/\/krankenhauspfarramt.de\/index.php\/wp-json\/wp\/v2\/media\/8657"}],"wp:attachment":[{"href":"https:\/\/krankenhauspfarramt.de\/index.php\/wp-json\/wp\/v2\/media?parent=8656"}],"wp:term":[{"taxonomy":"category","embeddable":true,"href":"https:\/\/krankenhauspfarramt.de\/index.php\/wp-json\/wp\/v2\/categories?post=8656"},{"taxonomy":"post_tag","embeddable":true,"href":"https:\/\/krankenhauspfarramt.de\/index.php\/wp-json\/wp\/v2\/tags?post=8656"}],"curies":[{"name":"wp","href":"https:\/\/api.w.org\/{rel}","templated":true}]}}