{"id":8659,"date":"2025-10-02T17:20:38","date_gmt":"2025-10-02T17:20:38","guid":{"rendered":"https:\/\/krankenhauspfarramt.de\/index.php\/2025\/10\/02\/hinhoeren-wo-menschen-in-der-landwirtschaft-existenzielle-sorgen-plagen-ekd\/"},"modified":"2025-10-02T17:20:39","modified_gmt":"2025-10-02T17:20:39","slug":"hinhoeren-wo-menschen-in-der-landwirtschaft-existenzielle-sorgen-plagen-ekd","status":"publish","type":"post","link":"https:\/\/krankenhauspfarramt.de\/index.php\/2025\/10\/02\/hinhoeren-wo-menschen-in-der-landwirtschaft-existenzielle-sorgen-plagen-ekd\/","title":{"rendered":"Hinh\u00f6ren, wo Menschen in der Landwirtschaft existenzielle Sorgen plagen \u2013 EKD"},"content":{"rendered":"<p> <br \/>\n<\/p>\n<div>\n<p>Hannover (EKD\/epd). Zum Erntedankfest hat die Ratsvorsitzende der Evangelischen Kirche in Deutschland (EKD), Kirsten Fehrs, eine zu hohe Lebensmittelverschwendung in Deutschland beklagt. \u201eEs schmerzt zu sehen, wie viele Millionen Tonnen Lebensmittel j\u00e4hrlich weggeworfen werden\u201c, erkl\u00e4rte sie am Donnerstag in Hannover. Allein f\u00fcr weggeworfene Backwaren werde in Deutschland eine Anbaufl\u00e4che der Gr\u00f6\u00dfe Berlins ben\u00f6tigt. \u201eDas ist bedr\u00fcckend und braucht unser aller Willen und Anstrengung, dies zu \u00e4ndern\u201c, sagte Fehrs anl\u00e4sslich des kirchlichen Erntedankfests an diesem Sonntag.<\/p>\n<p>Die Hamburger Bisch\u00f6fin erkl\u00e4rte, Erntedank erinnere daran, \u201edass unsere Nahrung aus den Gaben Gottes besteht\u201c. Deshalb d\u00fcrfe man es nicht verschwenden. Jede vermiedene Verschwendung sei ein Zeichen der Wertsch\u00e4tzung gegen\u00fcber der Sch\u00f6pfung sowie gegen\u00fcber den Produzentinnen und Produzenten.<\/p>\n<p>Die Arbeit von Landwirtinnen und Landwirten auf Feldern, H\u00f6fen und in St\u00e4llen \u201eist hart, ihre Zukunft oft ungewiss\u201c, erg\u00e4nzte Fehrs. Viele k\u00e4mpften ums wirtschaftliche \u00dcberleben. \u201eWer heute Erntedank feiert, sollte auch hinh\u00f6ren, wo Menschen in der Landwirtschaft existenzielle Sorgen plagen\u201c, sagte sie.<\/p>\n<p>J\u00e4hrlich fallen in Deutschland nach Angaben des Bundeslandwirtschaftsministeriums rund 10,8 Millionen Tonnen Lebensmittelabf\u00e4lle an. 58 Prozent davon kommen aus Privathaushalten. Das Bundesinformationszentrum Landwirtschaft teilte k\u00fcrzlich mit, dass j\u00e4hrlich durchschnittlich 9,7 Kilogramm Brot oder Backwaren pro Person im M\u00fcll landeten. Um das Getreide daf\u00fcr anzubauen, sei eine Fl\u00e4che in etwa der Gr\u00f6\u00dfe Berlins n\u00f6tig.<\/p>\n<p>Die Pressemitteilung &#8222;Bisch\u00f6fin Kirsten Fehrs: &#8218;Achtsam wirtschaften, gerecht teilen'&#8220; finden Sie unter diesem Link<\/p>\n<p>\u00a0<\/p>\n<\/p><\/div>\n","protected":false},"excerpt":{"rendered":"<p>Hannover (EKD\/epd). Zum Erntedankfest hat die Ratsvorsitzende der Evangelischen Kirche in Deutschland (EKD), Kirsten Fehrs, eine zu hohe Lebensmittelverschwendung in<\/p>\n","protected":false},"author":2,"featured_media":8660,"comment_status":"closed","ping_status":"closed","sticky":false,"template":"","format":"standard","meta":{"footnotes":""},"categories":[20],"tags":[],"_links":{"self":[{"href":"https:\/\/krankenhauspfarramt.de\/index.php\/wp-json\/wp\/v2\/posts\/8659"}],"collection":[{"href":"https:\/\/krankenhauspfarramt.de\/index.php\/wp-json\/wp\/v2\/posts"}],"about":[{"href":"https:\/\/krankenhauspfarramt.de\/index.php\/wp-json\/wp\/v2\/types\/post"}],"author":[{"embeddable":true,"href":"https:\/\/krankenhauspfarramt.de\/index.php\/wp-json\/wp\/v2\/users\/2"}],"replies":[{"embeddable":true,"href":"https:\/\/krankenhauspfarramt.de\/index.php\/wp-json\/wp\/v2\/comments?post=8659"}],"version-history":[{"count":1,"href":"https:\/\/krankenhauspfarramt.de\/index.php\/wp-json\/wp\/v2\/posts\/8659\/revisions"}],"predecessor-version":[{"id":8661,"href":"https:\/\/krankenhauspfarramt.de\/index.php\/wp-json\/wp\/v2\/posts\/8659\/revisions\/8661"}],"wp:featuredmedia":[{"embeddable":true,"href":"https:\/\/krankenhauspfarramt.de\/index.php\/wp-json\/wp\/v2\/media\/8660"}],"wp:attachment":[{"href":"https:\/\/krankenhauspfarramt.de\/index.php\/wp-json\/wp\/v2\/media?parent=8659"}],"wp:term":[{"taxonomy":"category","embeddable":true,"href":"https:\/\/krankenhauspfarramt.de\/index.php\/wp-json\/wp\/v2\/categories?post=8659"},{"taxonomy":"post_tag","embeddable":true,"href":"https:\/\/krankenhauspfarramt.de\/index.php\/wp-json\/wp\/v2\/tags?post=8659"}],"curies":[{"name":"wp","href":"https:\/\/api.w.org\/{rel}","templated":true}]}}