{"id":8662,"date":"2025-10-02T21:22:40","date_gmt":"2025-10-02T21:22:40","guid":{"rendered":"https:\/\/krankenhauspfarramt.de\/index.php\/2025\/10\/02\/oekumenischer-preis-fuer-weihnachtspredigt-ekd\/"},"modified":"2025-10-02T21:22:43","modified_gmt":"2025-10-02T21:22:43","slug":"oekumenischer-preis-fuer-weihnachtspredigt-ekd","status":"publish","type":"post","link":"https:\/\/krankenhauspfarramt.de\/index.php\/2025\/10\/02\/oekumenischer-preis-fuer-weihnachtspredigt-ekd\/","title":{"rendered":"\u00d6kumenischer Preis f\u00fcr Weihnachtspredigt \u2013 EKD"},"content":{"rendered":"<p> <br \/>\n<\/p>\n<div>\n<p>Die Essener Theologin Christina Brudereck erh\u00e4lt den Angaben zufolge den Preis in der Kategorie \u201eLebenswerk\u201c. Seit vielen Jahren arbeite sie als Schriftstellerin und Poetin. Ihr Werk zeichne sich durch Vielfalt aus und umfasse stilistisch Romane, Biografisches, Geschichten, Notizen, Essays und Gebete. Die Pastorinnen Anja B\u00e4r und Lea Herbert vom Bund Evangelisch-Freikirchlicher Gemeinden erhielten die Auszeichnung f\u00fcr den besten \u201eFaithcast\u201c. In ihrem Podcast \u201ePredigtbuddies\u201c besprechen sie den Angaben zufolge w\u00f6chentlich einen Predigttext in kompakter, theologisch fundierter sowie lebensrelevanter Weise.<\/p>\n<p>Der undotierte Predigtpreis wird seit dem Jahr 2000 in Bonn verliehen und inhaltlich von den drei theologischen Institutionen an der Universit\u00e4t Bonn verantwortet. Dies sind die evangelisch-theologische und die katholisch-theologische Fakult\u00e4t sowie das Altkatholische Seminar. Zu den bisherigen Preistr\u00e4gern geh\u00f6ren der Kabarettist Hanns Dieter H\u00fcsch (1925-2005), der Literaturhistoriker und Altphilologe Walter Jens (1923-2013), die Theologinnen Margot K\u00e4\u00dfmann und Annette Kurschus sowie die Klimaaktivistin Luisa Neubauer. Seit 2023 wird der Preis durch den Verlag am Birnbach unterst\u00fctzt, der bundesweit Kirchengemeinden mit Arbeitsmaterialien, Geschenkartikeln und Literatur beliefert.<\/p>\n<\/p><\/div>\n","protected":false},"excerpt":{"rendered":"<p>Die Essener Theologin Christina Brudereck erh\u00e4lt den Angaben zufolge den Preis in der Kategorie \u201eLebenswerk\u201c. Seit vielen Jahren arbeite sie<\/p>\n","protected":false},"author":2,"featured_media":8663,"comment_status":"closed","ping_status":"closed","sticky":false,"template":"","format":"standard","meta":{"footnotes":""},"categories":[20],"tags":[],"_links":{"self":[{"href":"https:\/\/krankenhauspfarramt.de\/index.php\/wp-json\/wp\/v2\/posts\/8662"}],"collection":[{"href":"https:\/\/krankenhauspfarramt.de\/index.php\/wp-json\/wp\/v2\/posts"}],"about":[{"href":"https:\/\/krankenhauspfarramt.de\/index.php\/wp-json\/wp\/v2\/types\/post"}],"author":[{"embeddable":true,"href":"https:\/\/krankenhauspfarramt.de\/index.php\/wp-json\/wp\/v2\/users\/2"}],"replies":[{"embeddable":true,"href":"https:\/\/krankenhauspfarramt.de\/index.php\/wp-json\/wp\/v2\/comments?post=8662"}],"version-history":[{"count":1,"href":"https:\/\/krankenhauspfarramt.de\/index.php\/wp-json\/wp\/v2\/posts\/8662\/revisions"}],"predecessor-version":[{"id":8664,"href":"https:\/\/krankenhauspfarramt.de\/index.php\/wp-json\/wp\/v2\/posts\/8662\/revisions\/8664"}],"wp:featuredmedia":[{"embeddable":true,"href":"https:\/\/krankenhauspfarramt.de\/index.php\/wp-json\/wp\/v2\/media\/8663"}],"wp:attachment":[{"href":"https:\/\/krankenhauspfarramt.de\/index.php\/wp-json\/wp\/v2\/media?parent=8662"}],"wp:term":[{"taxonomy":"category","embeddable":true,"href":"https:\/\/krankenhauspfarramt.de\/index.php\/wp-json\/wp\/v2\/categories?post=8662"},{"taxonomy":"post_tag","embeddable":true,"href":"https:\/\/krankenhauspfarramt.de\/index.php\/wp-json\/wp\/v2\/tags?post=8662"}],"curies":[{"name":"wp","href":"https:\/\/api.w.org\/{rel}","templated":true}]}}