{"id":8671,"date":"2025-10-06T13:57:56","date_gmt":"2025-10-06T13:57:56","guid":{"rendered":"https:\/\/krankenhauspfarramt.de\/index.php\/2025\/10\/06\/evangelische-kirche-gedenkt-opfer-des-7-oktober-ekd\/"},"modified":"2025-10-06T13:57:57","modified_gmt":"2025-10-06T13:57:57","slug":"evangelische-kirche-gedenkt-opfer-des-7-oktober-ekd","status":"publish","type":"post","link":"https:\/\/krankenhauspfarramt.de\/index.php\/2025\/10\/06\/evangelische-kirche-gedenkt-opfer-des-7-oktober-ekd\/","title":{"rendered":"Evangelische Kirche gedenkt Opfer des 7. Oktober \u2013 EKD"},"content":{"rendered":"<p> <br \/>\n<\/p>\n<div id=\"\">\n        <!-- RSPEAK_START --><\/p>\n<header class=\"large-10 columns article--header\">\n<div class=\"article--meta article--meta__border clearfix\">\n<p>                                    <time datetime=\"03.10.2025 11:00\" class=\"article--time\">03.10.2025<\/time><\/p>\n<p>                                    <strong class=\"article--type primus--overline\">News<\/strong><\/p>\n<picture class=\"article--source-image image\"><source srcset=\"https:\/\/www.ekd.de\/ekd_de\/ds_img\/assets\/20170329_epd-Quellenlogo_141.png\"><!--<source srcset=\"https:\/\/www.ekd.de\/ekd_de\/ds_img\/assets\/20170329_epd-Quellenlogo_141.png 1x, https:\/\/www.ekd.de\/ekd_de\/ds_img\/assets\/20170329_epd-Quellenlogo_141.png 2x, https:\/\/www.ekd.de\/ekd_de\/ds_img\/assets\/20170329_epd-Quellenlogo_141.png 3x\">--><\/p>\n<p>    <\/source><\/picture>\n<\/p><\/div>\n<\/header>\n<div class=\"large-8 columns large-offset-1 \">\n<p>Hannover (epd). Zum zweiten Jahrestag des Hamas-Angriffs auf Israel hat die evangelische Kirche an die Leiden der Opfer erinnert. Der 7. Oktober 2023 markiere den Tag des schlimmsten Massakers an J\u00fcdinnen und Juden seit der Schoah, erkl\u00e4rten die Ratsvorsitzende der Evangelischen Kirche in Deutschland (EKD), Kirsten Fehrs, und die Leitenden Geistlichen aller 20 Landeskirchen am Freitag. \u201eDieses Verbrechen hat tiefe Wunden hinterlassen &#8211; bei den Opfern und ihren Familien, in der israelischen Gesellschaft und bei J\u00fcdinnen und Juden weltweit.\u201c<\/p>\n<p>Zwei Jahre nach dem Terrorangriff pr\u00e4gten die fortgesetzte Gefangenschaft israelischer Geiseln und andauernde Angriffe auf Israel sowie der Gaza-Krieg mit Zehntausenden zivilen Opfern die Situation in der Region. \u201eWir beklagen das Leiden der Zivilbev\u00f6lkerung auf beiden Seiten\u201c, betonten die Geistlichen in ihrer Erkl\u00e4rung. Alle Konfliktparteien m\u00fcssten die Grunds\u00e4tze des humanit\u00e4ren V\u00f6lkerrechts und internationale Vereinbarungen achten.<\/p>\n<p>Die evangelischen Repr\u00e4sentanten zeigten sich zudem besorgt \u00fcber offene und gewaltsame Formen des Antisemitismus, die in der Folge des Konfliktes auch in Deutschland und weltweit zutage treten. Inakzeptabel sei zugleich, dass Pal\u00e4stinenser und Muslime unter pauschalen Verdacht der N\u00e4he zum Terrorismus oder der Hamas gerieten.<\/p>\n<p>\u201eKritik an dem Vorgehen einer Regierung oder Konfliktpartei darf niemals in verbale oder k\u00f6rperliche Angriffe gegen Menschen m\u00fcnden\u201c, unterstrichen die Kirchenvertreter. Alle B\u00fcrgerinnen und B\u00fcrger sowie die Kirchengemeinden seien aufgerufen, jeder Form von Ausgrenzung, Feindseligkeit und Gewalt entschieden entgegenzutreten: \u201eWir rufen zu einer Sprache und Haltung auf, die der vielschichtigen gegenw\u00e4rtigen Lage, den historischen Prozessen und Kr\u00e4fteverh\u00e4ltnissen im Nahen Osten wie auch der Gewalt des 7. Oktober gerecht zu werden versucht.\u201c<\/p>\n<p>Bei dem Massaker am 7. Oktober 2023 wurden rund 1.200 Menschen in Israel ermordet, mehr als 240 wurden in den Gaza-Streifen verschleppt. Der Angriff l\u00f6ste den Krieg zwischen Israel und der Hamas aus, dem im Gaza-Streifen Zehntausende Menschen zum Opfer fielen.<\/p>\n<p>\u00a0<\/p>\n<p>Zur EKD-Pressemitteilung kommen Sie hier.<\/p>\n<\/p><\/div>\n<p>        <!-- RSPEAK_STOP --><\/p>\n<footer class=\"article--footer\">\n<\/footer><\/div>\n","protected":false},"excerpt":{"rendered":"<p>03.10.2025 News Hannover (epd). Zum zweiten Jahrestag des Hamas-Angriffs auf Israel hat die evangelische Kirche an die Leiden der Opfer<\/p>\n","protected":false},"author":2,"featured_media":7813,"comment_status":"closed","ping_status":"closed","sticky":false,"template":"","format":"standard","meta":{"footnotes":""},"categories":[20],"tags":[],"_links":{"self":[{"href":"https:\/\/krankenhauspfarramt.de\/index.php\/wp-json\/wp\/v2\/posts\/8671"}],"collection":[{"href":"https:\/\/krankenhauspfarramt.de\/index.php\/wp-json\/wp\/v2\/posts"}],"about":[{"href":"https:\/\/krankenhauspfarramt.de\/index.php\/wp-json\/wp\/v2\/types\/post"}],"author":[{"embeddable":true,"href":"https:\/\/krankenhauspfarramt.de\/index.php\/wp-json\/wp\/v2\/users\/2"}],"replies":[{"embeddable":true,"href":"https:\/\/krankenhauspfarramt.de\/index.php\/wp-json\/wp\/v2\/comments?post=8671"}],"version-history":[{"count":1,"href":"https:\/\/krankenhauspfarramt.de\/index.php\/wp-json\/wp\/v2\/posts\/8671\/revisions"}],"predecessor-version":[{"id":8672,"href":"https:\/\/krankenhauspfarramt.de\/index.php\/wp-json\/wp\/v2\/posts\/8671\/revisions\/8672"}],"wp:featuredmedia":[{"embeddable":true,"href":"https:\/\/krankenhauspfarramt.de\/index.php\/wp-json\/wp\/v2\/media\/7813"}],"wp:attachment":[{"href":"https:\/\/krankenhauspfarramt.de\/index.php\/wp-json\/wp\/v2\/media?parent=8671"}],"wp:term":[{"taxonomy":"category","embeddable":true,"href":"https:\/\/krankenhauspfarramt.de\/index.php\/wp-json\/wp\/v2\/categories?post=8671"},{"taxonomy":"post_tag","embeddable":true,"href":"https:\/\/krankenhauspfarramt.de\/index.php\/wp-json\/wp\/v2\/tags?post=8671"}],"curies":[{"name":"wp","href":"https:\/\/api.w.org\/{rel}","templated":true}]}}