{"id":8673,"date":"2025-10-06T18:00:10","date_gmt":"2025-10-06T18:00:10","guid":{"rendered":"https:\/\/krankenhauspfarramt.de\/index.php\/2025\/10\/06\/personelle-wechsel-im-team-der-ekd-medienbeauftragten-ekd\/"},"modified":"2025-10-06T18:00:11","modified_gmt":"2025-10-06T18:00:11","slug":"personelle-wechsel-im-team-der-ekd-medienbeauftragten-ekd","status":"publish","type":"post","link":"https:\/\/krankenhauspfarramt.de\/index.php\/2025\/10\/06\/personelle-wechsel-im-team-der-ekd-medienbeauftragten-ekd\/","title":{"rendered":"Personelle Wechsel im Team der EKD-Medienbeauftragten \u2013 EKD"},"content":{"rendered":"<p> <br \/>\n<\/p>\n<div id=\"\">\n<p>Im Team der Medienbeauftragten des Rates der Evangelischen Kirche in Deutschland (EKD) hat es einen personellen Wechsel gegeben: Stephan Fritz, der fast 19 Jahre als ZDF-Senderbeauftragter im Gemeinschaftswerk der Evangelischen Publizistik (GEP) t\u00e4tig war, ist zum 1. Oktober 2025 in den Ruhestand getreten. Sein Nachfolger ist Christof Enders, der bereits am 1. September 2025 sein Amt antrat.<\/p>\n<p>Auch an der Schnittstelle zur ARD kommt es zu einer Ver\u00e4nderung: Ab 1. Januar 2026 \u00fcbernimmt Daniel Schneider die Aufgabe des ARD-Senderbeauftragten. Er wird auf Stephan Born folgen, der nach 13 Jahren aus der aktiven Funktion ausscheidet, jedoch weiterhin f\u00fcr das GEP beratend t\u00e4tig bleibt.<\/p>\n<p>Christof Enders (52) war seit 2016 Superintendent im Kirchenkreis Bad Liebenwerda der Evangelischen Kirche in Mitteldeutschland. Der Theologe bringt langj\u00e4hrige Erfahrung in Gemeindearbeit, Leitung und Medienkompetenz mit. Als ZDF-Senderbeauftragter tr\u00e4gt er k\u00fcnftig \u2013 gemeinsam mit seiner Kollegin Simone Hahn \u2013 die inhaltliche Verantwortung f\u00fcr j\u00e4hrlich 28\u00a0evangelische ZDF-Gottesdienste. Sein Aufgabenbereich reicht von der Auswahl der \u00dcbertragungsorte \u00fcber die Begleitung des Vorbereitungsprozesses in den Gemeinden bis hin zu den Proben f\u00fcr den Auftritt vor der Kamera. Die Zusammenarbeit erfolgt eng mit der ZDF-Redaktion \u201eReligion und Leben\u201c sowie den f\u00fcr Produktion und Technik zust\u00e4ndigen Mitarbeitenden.<\/p>\n<p>Enders\u2019 Vorg\u00e4nger, Stephan Fritz, hat \u00fcber viele Jahre die gastgebenden Gemeinden f\u00fcr ihren Auftritt im ZDF-Gottesdienst angeleitet und die Gestaltung dieser Gottesdienste so entwickelt, dass sie Menschen erreichen, st\u00e4rken, ermutigen und tr\u00f6sten. Zudem ist es ihm gelungen, die vertrauensvolle Zusammenarbeit mit dem Sender zu st\u00e4rken.<\/p>\n<p>Daniel Schneider (46) ist evangelischer Theologe und Journalist. Er arbeitete unter anderem f\u00fcr das Evangelische Rundfunkreferat NRW, als Drehbuchautor f\u00fcr das WDR-Fernsehen sowie als Dozent an der IST-Hochschule in D\u00fcsseldorf und verf\u00fcgt dadurch \u00fcber umfassende Erfahrungen im Journalismus und in der Medienarbeit. Als ARD-Senderbeauftragter koordiniert er im Auftrag der EKD die Auswahl, Vorbereitung und Begleitung der acht evangelischen Fernsehgottesdienste, f\u00fchrt die Gesch\u00e4fte der Konferenz der Senderbeauftragten und ist zentrale Schnittstelle zwischen Kirche und den ARD-Gremien. F\u00fcr \u201eDas Wort zum Sonntag\u201c begleitet er die evangelischen Sprecherinnen und Sprecher im gesamten umfangreichen Produktionsprozess und sichert die theologische Qualit\u00e4t sowie die kirchliche Verankerung der j\u00e4hrlich 26\u00a0Produktionen des Formats.<\/p>\n<p>Schneider folgt auf Stephan Born, der die evangelische Rundfunkarbeit in der ARD ma\u00dfgeblich pr\u00e4gte. Mit gro\u00dfer Sorgfalt begleitete er die ARD-Fernsehgottesdienste und \u201eDas Wort zum Sonntag\u201c und verst\u00e4rkte die Attraktivit\u00e4t der kirchlichen Botschaft f\u00fcr ein breites Publikum.<\/p>\n<p>Dr. Stefanie Schardien, Medienbeauftragte des Rates der EKD, erkl\u00e4rt: \u201eIch freue mich sehr, mit Pfarrer Christof Enders und Daniel Schneider zwei beeindruckende Kollegen in unserem Team willkommen zu hei\u00dfen, die mit viel Erfahrung und Engagement die wichtige Arbeit der evangelischen Rundfunkbeauftragten fortf\u00fchren werden. Gleichzeitig danke ich Stephan Fritz und Stephan Born von Herzen f\u00fcr ihren langj\u00e4hrigen, leidenschaftlichen Einsatz, mit dem sie die Pr\u00e4senz der evangelischen Kirche im \u00f6ffentlich-rechtlichen Rundfunk ma\u00dfgeblich gepr\u00e4gt und bereichert haben. Ihr Engagement war und ist ein wertvoller Dienst f\u00fcr die Vermittlung der kirchlichen Botschaft in unserer Mediengesellschaft.\u201c<\/p>\n<p>Hannover, 6. Oktober 2025<\/p>\n<p>Pressestelle der EKD<\/p>\n<\/div>\n","protected":false},"excerpt":{"rendered":"<p>Im Team der Medienbeauftragten des Rates der Evangelischen Kirche in Deutschland (EKD) hat es einen personellen Wechsel gegeben: Stephan Fritz,<\/p>\n","protected":false},"author":2,"featured_media":7532,"comment_status":"closed","ping_status":"closed","sticky":false,"template":"","format":"standard","meta":{"footnotes":""},"categories":[20],"tags":[],"_links":{"self":[{"href":"https:\/\/krankenhauspfarramt.de\/index.php\/wp-json\/wp\/v2\/posts\/8673"}],"collection":[{"href":"https:\/\/krankenhauspfarramt.de\/index.php\/wp-json\/wp\/v2\/posts"}],"about":[{"href":"https:\/\/krankenhauspfarramt.de\/index.php\/wp-json\/wp\/v2\/types\/post"}],"author":[{"embeddable":true,"href":"https:\/\/krankenhauspfarramt.de\/index.php\/wp-json\/wp\/v2\/users\/2"}],"replies":[{"embeddable":true,"href":"https:\/\/krankenhauspfarramt.de\/index.php\/wp-json\/wp\/v2\/comments?post=8673"}],"version-history":[{"count":1,"href":"https:\/\/krankenhauspfarramt.de\/index.php\/wp-json\/wp\/v2\/posts\/8673\/revisions"}],"predecessor-version":[{"id":8674,"href":"https:\/\/krankenhauspfarramt.de\/index.php\/wp-json\/wp\/v2\/posts\/8673\/revisions\/8674"}],"wp:featuredmedia":[{"embeddable":true,"href":"https:\/\/krankenhauspfarramt.de\/index.php\/wp-json\/wp\/v2\/media\/7532"}],"wp:attachment":[{"href":"https:\/\/krankenhauspfarramt.de\/index.php\/wp-json\/wp\/v2\/media?parent=8673"}],"wp:term":[{"taxonomy":"category","embeddable":true,"href":"https:\/\/krankenhauspfarramt.de\/index.php\/wp-json\/wp\/v2\/categories?post=8673"},{"taxonomy":"post_tag","embeddable":true,"href":"https:\/\/krankenhauspfarramt.de\/index.php\/wp-json\/wp\/v2\/tags?post=8673"}],"curies":[{"name":"wp","href":"https:\/\/api.w.org\/{rel}","templated":true}]}}