{"id":8967,"date":"2026-01-13T15:33:32","date_gmt":"2026-01-13T15:33:32","guid":{"rendered":"https:\/\/krankenhauspfarramt.de\/index.php\/2026\/01\/13\/kirche-hilft-menschen-vor-ort-ekd\/"},"modified":"2026-01-13T15:33:33","modified_gmt":"2026-01-13T15:33:33","slug":"kirche-hilft-menschen-vor-ort-ekd","status":"publish","type":"post","link":"https:\/\/krankenhauspfarramt.de\/index.php\/2026\/01\/13\/kirche-hilft-menschen-vor-ort-ekd\/","title":{"rendered":"Kirche hilft Menschen vor Ort \u2013 EKD"},"content":{"rendered":"<p> <br \/>\n<\/p>\n<div>\n<p>Zwar sei die lutherische Kirche in der Ukraine klein, daf\u00fcr aber sehr engagiert. Laut Gross z\u00e4hlen sich im ganzen Land nur etwa 1.000 Menschen zu dieser Kirche. Eine offizielle Statistik gibt es nicht. \u201eWir helfen den Menschen mit Medikamenten, Lebensmitteln, Kleidung und Dingen des t\u00e4glichen Lebens\u201c, sagt Gross. Weil sonst keine Geb\u00e4ude zur Verf\u00fcgung stehen, hat sich das Privathaus des Pastors zu einem kleinen Kirchenzentrum gewandelt. \u201eIm Keller ist ein Kinderschutzzentrum, in der Garage feiern wir Gottesdienste.\u201c<\/p>\n<h2>Spenden und Unterst\u00fctzung n\u00f6tig<\/h2>\n<p>Das Thema Hoffnung sei schwierig. Stromausf\u00e4lle seien der Normalfall. Im Winter steige die Sterberate um das Dreifache. \u201eMeine Mitarbeiter berichten von Hausbesuchen, dass die alten Menschen den Glanz in den Augen und ihren Lebensmut verloren haben.\u201c Die jungen Menschen seien ins Ausland gegangen. \u201eAber man kann nicht sagen, dass sie ihre Alten im Stich gelassen haben. Es ist die Entscheidung der Eltern, zu bleiben. Sie wollen dort sterben, wo sie gelebt haben.\u201c Ein Umzug komme f\u00fcr sie nicht infrage.<\/p>\n<p>Erstaunlich sei, dass es auch nach bald vier Kriegsjahren in der Ukraine noch fast alles zu kaufen gebe. \u201eDas Land produziert mehr als es selbst ben\u00f6tigt\u201c, sagt Gross. \u201eDas Problem ist aber das Geld.\u201c Lebensmittel und vor allem Medikamente seien teuer \u2212 oft zu teuer f\u00fcr die alten Menschen, die auf Unterst\u00fctzung angewiesen sind. Darum seien alle Spenden und Unterst\u00fctzung hochwillkommen. \u201eWir bleiben und helfen weiter.\u201c<\/p>\n<h2>Frustrierender Kreislauf<\/h2>\n<p>Die Hoffnung auf Frieden sei nicht mehr gro\u00df, berichtet der Pastor. \u201eDie Menschen leben zwischen Hoffen und Bangen.\u201c Wann immer in den Medien \u00fcber Friedensgespr\u00e4che berichtet werde, keime so etwas wie Hoffnung auf. Doch im Alltag ver\u00e4ndere sich dann doch nichts. \u201eDas ist ein frustrierender Kreislauf.\u201c<\/p>\n<p>Wie es weitergeht? \u201eRussland muss nicht verlieren, die Ukraine wird nicht verlieren\u201c, zeigt sich Gross \u00fcberzeugt. Putin werde sich nicht mit dem Donbass im Osten der Ukraine zufriedengeben. \u201eEr will die Ukraine zerst\u00f6ren.\u201c Der Pastor f\u00fcgt hinzu: \u201eWir hoffen auf Gott und die immer st\u00e4rker werdenden ukrainischen Soldaten.\u201c<\/p>\n<p><em>J\u00f6rg Nielsen (epd)<\/em><\/p>\n<\/p><\/div>\n","protected":false},"excerpt":{"rendered":"<p>Zwar sei die lutherische Kirche in der Ukraine klein, daf\u00fcr aber sehr engagiert. Laut Gross z\u00e4hlen sich im ganzen Land<\/p>\n","protected":false},"author":2,"featured_media":8968,"comment_status":"closed","ping_status":"closed","sticky":false,"template":"","format":"standard","meta":{"footnotes":""},"categories":[20],"tags":[],"_links":{"self":[{"href":"https:\/\/krankenhauspfarramt.de\/index.php\/wp-json\/wp\/v2\/posts\/8967"}],"collection":[{"href":"https:\/\/krankenhauspfarramt.de\/index.php\/wp-json\/wp\/v2\/posts"}],"about":[{"href":"https:\/\/krankenhauspfarramt.de\/index.php\/wp-json\/wp\/v2\/types\/post"}],"author":[{"embeddable":true,"href":"https:\/\/krankenhauspfarramt.de\/index.php\/wp-json\/wp\/v2\/users\/2"}],"replies":[{"embeddable":true,"href":"https:\/\/krankenhauspfarramt.de\/index.php\/wp-json\/wp\/v2\/comments?post=8967"}],"version-history":[{"count":1,"href":"https:\/\/krankenhauspfarramt.de\/index.php\/wp-json\/wp\/v2\/posts\/8967\/revisions"}],"predecessor-version":[{"id":8969,"href":"https:\/\/krankenhauspfarramt.de\/index.php\/wp-json\/wp\/v2\/posts\/8967\/revisions\/8969"}],"wp:featuredmedia":[{"embeddable":true,"href":"https:\/\/krankenhauspfarramt.de\/index.php\/wp-json\/wp\/v2\/media\/8968"}],"wp:attachment":[{"href":"https:\/\/krankenhauspfarramt.de\/index.php\/wp-json\/wp\/v2\/media?parent=8967"}],"wp:term":[{"taxonomy":"category","embeddable":true,"href":"https:\/\/krankenhauspfarramt.de\/index.php\/wp-json\/wp\/v2\/categories?post=8967"},{"taxonomy":"post_tag","embeddable":true,"href":"https:\/\/krankenhauspfarramt.de\/index.php\/wp-json\/wp\/v2\/tags?post=8967"}],"curies":[{"name":"wp","href":"https:\/\/api.w.org\/{rel}","templated":true}]}}