{"id":8970,"date":"2026-01-21T12:37:49","date_gmt":"2026-01-21T12:37:49","guid":{"rendered":"https:\/\/krankenhauspfarramt.de\/index.php\/2026\/01\/21\/lutheraner-gratulieren-neuem-bischof-im-heiligen-land-ekd\/"},"modified":"2026-01-21T12:37:50","modified_gmt":"2026-01-21T12:37:50","slug":"lutheraner-gratulieren-neuem-bischof-im-heiligen-land-ekd","status":"publish","type":"post","link":"https:\/\/krankenhauspfarramt.de\/index.php\/2026\/01\/21\/lutheraner-gratulieren-neuem-bischof-im-heiligen-land-ekd\/","title":{"rendered":"Lutheraner gratulieren neuem Bischof im Heiligen Land \u2013 EKD"},"content":{"rendered":"<p> <br \/>\n<\/p>\n<div id=\"\">\n        <!-- RSPEAK_START --><\/p>\n<header class=\"large-10 columns article--header\">\n<div class=\"article--meta article--meta__border clearfix\">\n<p>                                    <time datetime=\"12.01.2026 10:00\" class=\"article--time\">12.01.2026<\/time><\/p>\n<p>                                    <strong class=\"article--type primus--overline\">News<\/strong><\/p>\n<picture class=\"article--source-image image\"><source srcset=\"https:\/\/www.ekd.de\/ekd_de\/ds_img\/assets\/20170622_ekd-Quellenlogo_300.jpg\"><!--<source srcset=\"\/ekd_de\/ds_img\/assets\/20170622_ekd-Quellenlogo_300_rdax_141x39s.jpg 1x, \/ekd_de\/ds_img\/assets\/20170622_ekd-Quellenlogo_300_rdax_282x78s.jpg 2x, https:\/\/www.ekd.de\/ekd_de\/ds_img\/assets\/20170622_ekd-Quellenlogo_300.jpg 3x\">--><\/p>\n<p>    <\/source><\/picture>\n<\/p><\/div>\n<h2 class=\"article--sub-headline primus--sub-headline\">Imad Mousa Haddad in Jerusalemer Erl\u00f6serkirche in sein Amt eingef\u00fchrt<\/h2>\n<\/header>\n<div class=\"large-8 columns large-offset-1 \">\n<p><em>Die deutschen Lutheraner haben dem neuen Bischof der Evangelisch-Lutherischen Kirche in Jordanien und im Heiligen Land zur Amtseinf\u00fchrung am Wochenende gratuliert.<\/em><\/p>\n<p>Der Leitende Bischof der Vereinigten Evangelisch-Lutherischen Kirche Deutschlands (VELKD), der hannoversche Landesbischof Ralf Meister, w\u00fcnschte Imad Mousa Haddad am Montag einen wachen Geist, um in einem schwierigen Umfeld das \u201eAmt der Vers\u00f6hnung\u201c auszuf\u00fcllen. Es sei eine faszinierende und herausfordernde Aufgabe zugleich, in der N\u00e4he der Wirkungsst\u00e4tten Jesu \u201e\u00fcber Landesgrenzen und Nationalit\u00e4ten hinweg eine lutherische Gemeinde zusammenzuhalten.\u201c<\/p>\n<p>Die Vorsitzende des Deutschen Nationalkomitees des Lutherischen Weltbundes (DNK\/LWB), die Nordkirchen-Landesbisch\u00f6fin Kristina K\u00fchnbaum-Schmidt, w\u00fcnschte dem neuen Bischof, dass er in \u201eunruhigen Zeiten eine Quelle der Hoffnung f\u00fcr alle verunsicherten und leidenden Menschen in der Region sein kann\u201c. Die Evangelisch-Lutherische Kirche in Jordanien und im Heiligen Land und der Lutherische Weltbund (LWB) st\u00fcnden mit ihrer diakonischen Arbeit in Jerusalem, dem Westjordanland und auch im Gaza-Streifen Seite an Seite in der Hilfe f\u00fcr Menschen in Not.<\/p>\n<h3>Einf\u00fchrung in Jerusalemer Erl\u00f6serkirche<\/h3>\n<p>Imad Mousa Haddad wurde am Sonntag in der Jerusalemer Erl\u00f6serkirche in sein Amt eingef\u00fchrt. Der im jordanischen Amman lebende Pfarrer war laut VELKD bereits im Juni 2025 von der Synode zum Nachfolger von Sani Ibrahim Azar gew\u00e4hlt worden, der nun in den Ruhestand geht. Haddad ist den Angaben zufolge der f\u00fcnfte Bischof der 1959 gegr\u00fcndeten Kirche, der zurzeit etwa 2.000 Mitglieder in sechs Gemeinden in Jordanien, Jerusalem und dem Westjordanland angeh\u00f6ren. Die Wurzeln der Kirche reichen ins 19. Jahrhundert zur\u00fcck.<\/p>\n<p>Mit der Verwendung des Begriffs \u201eV\u00f6lkermord\u201c f\u00fcr das Vorgehen Israels im Gaza-Streifen hatte Bischof Sani Ibrahim Azar am Reformationstag vergangenen Jahres kontroverse \u00c4u\u00dferungen und Irritationen ausgel\u00f6st. Er hatte dies anschlie\u00dfend bedauert, seine \u00c4u\u00dferungen seien keine politische Provokation gewesen.<\/p>\n<\/p><\/div>\n<p>        <!-- RSPEAK_STOP --><\/p>\n<footer class=\"article--footer\">\n<\/footer><\/div>\n","protected":false},"excerpt":{"rendered":"<p>12.01.2026 News Imad Mousa Haddad in Jerusalemer Erl\u00f6serkirche in sein Amt eingef\u00fchrt Die deutschen Lutheraner haben dem neuen Bischof der<\/p>\n","protected":false},"author":2,"featured_media":8971,"comment_status":"closed","ping_status":"closed","sticky":false,"template":"","format":"standard","meta":{"footnotes":""},"categories":[20],"tags":[],"_links":{"self":[{"href":"https:\/\/krankenhauspfarramt.de\/index.php\/wp-json\/wp\/v2\/posts\/8970"}],"collection":[{"href":"https:\/\/krankenhauspfarramt.de\/index.php\/wp-json\/wp\/v2\/posts"}],"about":[{"href":"https:\/\/krankenhauspfarramt.de\/index.php\/wp-json\/wp\/v2\/types\/post"}],"author":[{"embeddable":true,"href":"https:\/\/krankenhauspfarramt.de\/index.php\/wp-json\/wp\/v2\/users\/2"}],"replies":[{"embeddable":true,"href":"https:\/\/krankenhauspfarramt.de\/index.php\/wp-json\/wp\/v2\/comments?post=8970"}],"version-history":[{"count":1,"href":"https:\/\/krankenhauspfarramt.de\/index.php\/wp-json\/wp\/v2\/posts\/8970\/revisions"}],"predecessor-version":[{"id":8972,"href":"https:\/\/krankenhauspfarramt.de\/index.php\/wp-json\/wp\/v2\/posts\/8970\/revisions\/8972"}],"wp:featuredmedia":[{"embeddable":true,"href":"https:\/\/krankenhauspfarramt.de\/index.php\/wp-json\/wp\/v2\/media\/8971"}],"wp:attachment":[{"href":"https:\/\/krankenhauspfarramt.de\/index.php\/wp-json\/wp\/v2\/media?parent=8970"}],"wp:term":[{"taxonomy":"category","embeddable":true,"href":"https:\/\/krankenhauspfarramt.de\/index.php\/wp-json\/wp\/v2\/categories?post=8970"},{"taxonomy":"post_tag","embeddable":true,"href":"https:\/\/krankenhauspfarramt.de\/index.php\/wp-json\/wp\/v2\/tags?post=8970"}],"curies":[{"name":"wp","href":"https:\/\/api.w.org\/{rel}","templated":true}]}}