{"id":8973,"date":"2026-01-21T16:17:26","date_gmt":"2026-01-21T16:17:26","guid":{"rendered":"https:\/\/krankenhauspfarramt.de\/index.php\/2026\/01\/21\/klimaschutzprogramm-der-bundesregierung-oeffentlichkeitsbeteiligung-ekd\/"},"modified":"2026-01-21T16:17:27","modified_gmt":"2026-01-21T16:17:27","slug":"klimaschutzprogramm-der-bundesregierung-oeffentlichkeitsbeteiligung-ekd","status":"publish","type":"post","link":"https:\/\/krankenhauspfarramt.de\/index.php\/2026\/01\/21\/klimaschutzprogramm-der-bundesregierung-oeffentlichkeitsbeteiligung-ekd\/","title":{"rendered":"Klimaschutzprogramm der Bundesregierung \u2013 \u00d6ffentlichkeitsbeteiligung \u2013 EKD"},"content":{"rendered":"<p> <br \/>\n<\/p>\n<div id=\"\">\n        <!-- RSPEAK_START --><\/p>\n<header class=\"large-10 columns article--header\">\n<div class=\"article--meta article--meta__border clearfix\">\n<p>                                    <time datetime=\"09.01.2026 10:00\" class=\"article--time\">09.01.2026<\/time><\/p>\n<p>                                    <strong class=\"article--type primus--overline\">Artikel<\/strong><\/p>\n<picture class=\"article--source-image image\"><source srcset=\"https:\/\/www.ekd.de\/ekd_de\/ds_img\/assets\/20170622_ekd-Quellenlogo_300.jpg\"><!--<source srcset=\"\/ekd_de\/ds_img\/assets\/20170622_ekd-Quellenlogo_300_rdax_141x39s.jpg 1x, \/ekd_de\/ds_img\/assets\/20170622_ekd-Quellenlogo_300_rdax_282x78s.jpg 2x, https:\/\/www.ekd.de\/ekd_de\/ds_img\/assets\/20170622_ekd-Quellenlogo_300.jpg 3x\">--><\/p>\n<p>    <\/source><\/picture>\n<\/p><\/div>\n<h2 class=\"article--sub-headline primus--sub-headline\">Bevollm\u00e4chtigte des Rates der EKD bei der Bundesrepublik Deutschland und der Europ\u00e4ischen Union und der Diakonie Deutschland<\/h2>\n<\/header>\n<div class=\"large-8 columns large-offset-1 \">\n<p>Die Evangelische Kirche in Deutschland (EKD) engagiert sich mit der folgenden Stellungnahme f\u00fcr das Klimaschutzprogramm der Bundesregierung. Dies geschieht aus der \u00dcberzeugung heraus, dass der politische Einsatz f\u00fcr Umwelt- und Klimaschutz zur christlichen Verantwortung f\u00fcr Gottes Sch\u00f6pfung und gegen\u00fcber zuk\u00fcnftigen Generationen geh\u00f6rt.<\/p>\n<p>Die EKD betont in der Stellungnahme, dass Klimaschutz nicht nur eine \u00f6kologische, sondern zugleich eine Frage von Gerechtigkeit, N\u00e4chstenliebe und Zukunftsf\u00e4higkeit ist. Klimaschutz muss sozial gerecht gestaltet sein und darf Menschen mit geringem Einkommen nicht \u00fcberfordern. Um Klimaneutralit\u00e4t bis 2045 zu erreichen, fordert sie verl\u00e4ssliche politische Rahmenbedingungen und entschlossene Investitionen, insbesondere in klimafreundliche Mobilit\u00e4t, erneuerbare Energien und einen klimaneutralen Geb\u00e4udebestand.<br \/>Zugleich zeigt die Kirche mit eigenen Klimazielen, konkreten Projekten und einem erstmals vorgelegten Klimabericht, dass sie Verantwortung \u00fcbernimmt und handelt.<\/p>\n<\/p><\/div>\n<section class=\"large-8 large-offset-1 columns article-section\">\n<div class=\"article--downloads download\">\n<figure class=\"image image__float\" style=\"z-index: 4; position: relative;\">\n            <picture><source srcset=\"https:\/\/www.ekd.de\/ekd_de\/ds_img\/assets_789_x\/Cover-EKD-Stellungnahme_zum_Klimaschutzprogramm_der_Bundesregierung-1000_rdax_263x357_60s.jpg 1x, https:\/\/www.ekd.de\/ekd_de\/ds_img\/assets_789_x\/Cover-EKD-Stellungnahme_zum_Klimaschutzprogramm_der_Bundesregierung-1000_rdax_526x715_60s.jpg 2x, https:\/\/www.ekd.de\/ekd_de\/ds_img\/assets_789_x\/Cover-EKD-Stellungnahme_zum_Klimaschutzprogramm_der_Bundesregierung-1000_rdax_60s.jpg 3x\"><img decoding=\"async\" src=\"https:\/\/www.ekd.de\/ekd_de\/ds_img\/assets_789_x\/Cover-EKD-Stellungnahme_zum_Klimaschutzprogramm_der_Bundesregierung-1000_rdax_263x357_60s.jpg\" alt=\"Cover Stellungnahme zum Klimaschutzprogramm der Bundesregierung\" title=\"Cover Stellungnahme zum Klimaschutzprogramm der Bundesregierung\"\/><br \/>\n            <\/source><\/picture>\n<\/figure>\n<p><h3 class=\"primus--sub-headline\">Download gesamte Stellungnahme<\/h3>\n<\/p><\/div>\n<\/section>\n<p>        <!-- RSPEAK_STOP --><\/p>\n<footer class=\"article--footer\">\n<div class=\"profile article--profile large-6 large-offset-2 columns\" data-shown=\"\">\n<p class=\"profile--type\">Autor\/In:<\/p>\n<figure class=\"teaser--image image__center\">\n                            <picture><source srcset=\"https:\/\/www.ekd.de\/ekd_de\/ds_img\/assets_777_x\/Anne-Gidion-Copyright-EKD-K-Baumann-777x777_rdax_110x110s.jpg 1x, https:\/\/www.ekd.de\/ekd_de\/ds_img\/assets_777_x\/Anne-Gidion-Copyright-EKD-K-Baumann-777x777_rdax_220x220s.jpg 2x, https:\/\/www.ekd.de\/ekd_de\/ds_img\/assets_777_x\/Anne-Gidion-Copyright-EKD-K-Baumann-777x777_rdax_330x330s.jpg 3x\"><img decoding=\"async\" src=\"https:\/\/www.ekd.de\/ekd_de\/ds_img\/assets_777_x\/Anne-Gidion-Copyright-EKD-K-Baumann-777x777_rdax_110x110s.jpg\" class=\"profile--image article--profile-image\" alt=\"Anne Gidion\" title=\"Anne Gidion\"\/><br \/>\n                            <\/source><\/picture>\n<\/figure>\n<p>\n                      Pr\u00e4latin Dr. Anne Gidion<br \/>Bevollm\u00e4chtigte des Rates der EKD bei der Bundesrepublik Deutschland und der Europ\u00e4ischen Union<br \/>Evangelische Kirche in Deutschland (EKD)\n                    <\/p>\n<\/p><\/div>\n<\/footer><\/div>\n","protected":false},"excerpt":{"rendered":"<p>09.01.2026 Artikel Bevollm\u00e4chtigte des Rates der EKD bei der Bundesrepublik Deutschland und der Europ\u00e4ischen Union und der Diakonie Deutschland Die<\/p>\n","protected":false},"author":2,"featured_media":8753,"comment_status":"closed","ping_status":"closed","sticky":false,"template":"","format":"standard","meta":{"footnotes":""},"categories":[20],"tags":[],"_links":{"self":[{"href":"https:\/\/krankenhauspfarramt.de\/index.php\/wp-json\/wp\/v2\/posts\/8973"}],"collection":[{"href":"https:\/\/krankenhauspfarramt.de\/index.php\/wp-json\/wp\/v2\/posts"}],"about":[{"href":"https:\/\/krankenhauspfarramt.de\/index.php\/wp-json\/wp\/v2\/types\/post"}],"author":[{"embeddable":true,"href":"https:\/\/krankenhauspfarramt.de\/index.php\/wp-json\/wp\/v2\/users\/2"}],"replies":[{"embeddable":true,"href":"https:\/\/krankenhauspfarramt.de\/index.php\/wp-json\/wp\/v2\/comments?post=8973"}],"version-history":[{"count":1,"href":"https:\/\/krankenhauspfarramt.de\/index.php\/wp-json\/wp\/v2\/posts\/8973\/revisions"}],"predecessor-version":[{"id":8974,"href":"https:\/\/krankenhauspfarramt.de\/index.php\/wp-json\/wp\/v2\/posts\/8973\/revisions\/8974"}],"wp:featuredmedia":[{"embeddable":true,"href":"https:\/\/krankenhauspfarramt.de\/index.php\/wp-json\/wp\/v2\/media\/8753"}],"wp:attachment":[{"href":"https:\/\/krankenhauspfarramt.de\/index.php\/wp-json\/wp\/v2\/media?parent=8973"}],"wp:term":[{"taxonomy":"category","embeddable":true,"href":"https:\/\/krankenhauspfarramt.de\/index.php\/wp-json\/wp\/v2\/categories?post=8973"},{"taxonomy":"post_tag","embeddable":true,"href":"https:\/\/krankenhauspfarramt.de\/index.php\/wp-json\/wp\/v2\/tags?post=8973"}],"curies":[{"name":"wp","href":"https:\/\/api.w.org\/{rel}","templated":true}]}}