{"id":8975,"date":"2026-01-21T16:40:17","date_gmt":"2026-01-21T16:40:17","guid":{"rendered":"https:\/\/krankenhauspfarramt.de\/index.php\/2026\/01\/21\/gewalt-gegen-proteste-im-iran-nicht-hinnehmbar-ekd\/"},"modified":"2026-01-21T16:40:19","modified_gmt":"2026-01-21T16:40:19","slug":"gewalt-gegen-proteste-im-iran-nicht-hinnehmbar-ekd","status":"publish","type":"post","link":"https:\/\/krankenhauspfarramt.de\/index.php\/2026\/01\/21\/gewalt-gegen-proteste-im-iran-nicht-hinnehmbar-ekd\/","title":{"rendered":"Gewalt gegen Proteste im Iran nicht hinnehmbar \u2013 EKD"},"content":{"rendered":"<p> <br \/>\n<\/p>\n<div id=\"\">\n        <!-- RSPEAK_START --><\/p>\n<header class=\"large-10 columns article--header\">\n<div class=\"article--meta article--meta__border clearfix\">\n<p>                                    <time datetime=\"13.01.2026 16:00\" class=\"article--time\">13.01.2026<\/time><\/p>\n<p>                                    <strong class=\"article--type primus--overline\">News<\/strong><\/p>\n<picture class=\"article--source-image image\"><source srcset=\"https:\/\/www.ekd.de\/ekd_de\/ds_img\/assets\/20170329_epd-Quellenlogo_141.png\"><!--<source srcset=\"https:\/\/www.ekd.de\/ekd_de\/ds_img\/assets\/20170329_epd-Quellenlogo_141.png 1x, https:\/\/www.ekd.de\/ekd_de\/ds_img\/assets\/20170329_epd-Quellenlogo_141.png 2x, https:\/\/www.ekd.de\/ekd_de\/ds_img\/assets\/20170329_epd-Quellenlogo_141.png 3x\">--><\/p>\n<p>    <\/source><\/picture>\n<\/p><\/div>\n<h2 class=\"article--sub-headline primus--sub-headline\">Frank Kopania fordert Respekt vor Freiheitsrechten und Solidarit\u00e4t mit religi\u00f6sen Minderheiten<\/h2>\n<\/header>\n<div class=\"large-8 columns large-offset-1 \">\n<p><em>Der Auslandsbischof der Evangelischen Kirche in Deutschland (EKD), Frank Kopania, hat sich besorgt \u00fcber die aktuellen Entwicklungen im Iran ge\u00e4u\u00dfert.<\/em><\/p>\n<p>\u201eGewalt gegen friedlich Protestierende und massive Einschr\u00e4nkungen von Freiheitsrechten sind nicht hinnehmbar\u201c, erkl\u00e4rte der Leiter der Abteilung \u00d6kumene und Auslandsarbeit im Kirchenamt der EKD am Dienstag auf Anfrage des Evangelischen Pressedienstes (epd) in Hannover. \u201eBesonders denken wir an die religi\u00f6sen Minderheiten, darunter die christliche Gemeinschaft, die im Iran seit Jahren Diskriminierung, Verfolgung und Haftstrafen ausgesetzt ist.\u201c<\/p>\n<h3>\u201eReligionsfreiheit ist universelles Menschenrecht\u201c<\/h3>\n<p>Religionsfreiheit sei ein universelles Menschenrecht, betonte Kopania weiter: \u201eAls Kirche stehen wir solidarisch an der Seite aller Menschen im Iran, die f\u00fcr W\u00fcrde, Freiheit und Gerechtigkeit eintreten. Unsere Gedanken und Gebete sind bei ihnen.\u201c<\/p>\n<p>Das Regime im Iran sieht sich seit Wochen landesweiten Protesten gegen seine autorit\u00e4re Herrschaft gegen\u00fcber. Gro\u00dfe Teile der Bev\u00f6lkerung leiden unter der schwierigen wirtschaftlichen Lage und wenden sich zunehmend gegen die anhaltende staatliche Repression.<\/p>\n<\/p><\/div>\n<p>        <!-- RSPEAK_STOP --><\/p>\n<footer class=\"article--footer\">\n<\/footer><\/div>\n","protected":false},"excerpt":{"rendered":"<p>13.01.2026 News Frank Kopania fordert Respekt vor Freiheitsrechten und Solidarit\u00e4t mit religi\u00f6sen Minderheiten Der Auslandsbischof der Evangelischen Kirche in Deutschland<\/p>\n","protected":false},"author":2,"featured_media":8584,"comment_status":"closed","ping_status":"closed","sticky":false,"template":"","format":"standard","meta":{"footnotes":""},"categories":[20],"tags":[],"_links":{"self":[{"href":"https:\/\/krankenhauspfarramt.de\/index.php\/wp-json\/wp\/v2\/posts\/8975"}],"collection":[{"href":"https:\/\/krankenhauspfarramt.de\/index.php\/wp-json\/wp\/v2\/posts"}],"about":[{"href":"https:\/\/krankenhauspfarramt.de\/index.php\/wp-json\/wp\/v2\/types\/post"}],"author":[{"embeddable":true,"href":"https:\/\/krankenhauspfarramt.de\/index.php\/wp-json\/wp\/v2\/users\/2"}],"replies":[{"embeddable":true,"href":"https:\/\/krankenhauspfarramt.de\/index.php\/wp-json\/wp\/v2\/comments?post=8975"}],"version-history":[{"count":1,"href":"https:\/\/krankenhauspfarramt.de\/index.php\/wp-json\/wp\/v2\/posts\/8975\/revisions"}],"predecessor-version":[{"id":8976,"href":"https:\/\/krankenhauspfarramt.de\/index.php\/wp-json\/wp\/v2\/posts\/8975\/revisions\/8976"}],"wp:featuredmedia":[{"embeddable":true,"href":"https:\/\/krankenhauspfarramt.de\/index.php\/wp-json\/wp\/v2\/media\/8584"}],"wp:attachment":[{"href":"https:\/\/krankenhauspfarramt.de\/index.php\/wp-json\/wp\/v2\/media?parent=8975"}],"wp:term":[{"taxonomy":"category","embeddable":true,"href":"https:\/\/krankenhauspfarramt.de\/index.php\/wp-json\/wp\/v2\/categories?post=8975"},{"taxonomy":"post_tag","embeddable":true,"href":"https:\/\/krankenhauspfarramt.de\/index.php\/wp-json\/wp\/v2\/tags?post=8975"}],"curies":[{"name":"wp","href":"https:\/\/api.w.org\/{rel}","templated":true}]}}