{"id":8977,"date":"2026-01-21T20:42:05","date_gmt":"2026-01-21T20:42:05","guid":{"rendered":"https:\/\/krankenhauspfarramt.de\/index.php\/2026\/01\/21\/13-titel-fuer-die-shortlist-2026-nominiert-ekd\/"},"modified":"2026-01-21T20:42:07","modified_gmt":"2026-01-21T20:42:07","slug":"13-titel-fuer-die-shortlist-2026-nominiert-ekd","status":"publish","type":"post","link":"https:\/\/krankenhauspfarramt.de\/index.php\/2026\/01\/21\/13-titel-fuer-die-shortlist-2026-nominiert-ekd\/","title":{"rendered":"13 Titel f\u00fcr die Shortlist 2026 nominiert \u2013 EKD"},"content":{"rendered":"<p> <br \/>\n<\/p>\n<div id=\"\">\n        <!-- RSPEAK_START --><\/p>\n<header class=\"large-10 columns article--header\">\n<div class=\"article--meta article--meta__border clearfix\">\n<p>                                    <time datetime=\"13.01.2026 10:00\" class=\"article--time\">13.01.2026<\/time><\/p>\n<p>                                    <strong class=\"article--type primus--overline\">News<\/strong><\/p>\n<picture class=\"article--source-image image\"><source srcset=\"https:\/\/www.ekd.de\/ekd_de\/ds_img\/assets\/20170329_epd-Quellenlogo_141.png\"><!--<source srcset=\"https:\/\/www.ekd.de\/ekd_de\/ds_img\/assets\/20170329_epd-Quellenlogo_141.png 1x, https:\/\/www.ekd.de\/ekd_de\/ds_img\/assets\/20170329_epd-Quellenlogo_141.png 2x, https:\/\/www.ekd.de\/ekd_de\/ds_img\/assets\/20170329_epd-Quellenlogo_141.png 3x\">--><\/p>\n<p>    <\/source><\/picture>\n<\/p><\/div>\n<h2 class=\"article--sub-headline primus--sub-headline\">Jury w\u00e4hlt aus 130 vorgeschlagenen B\u00fcchern neun Romane sowie je zwei Kinder- und Jugend- und Sachb\u00fccher aus<\/h2>\n<\/header>\n<div class=\"large-8 columns large-offset-1 \">\n<p><em>Die Jury f\u00fcr den Evangelischen Buchpreis hat aus 130 vorgeschlagenen Titeln der Gegenwartsliteratur 13 B\u00fccher f\u00fcr die Shortlist 2026 ausgew\u00e4hlt.<\/em><\/p>\n<p>Neun Romane, zwei Kinder- und Jugendb\u00fccher sowie zwei Sachb\u00fccher seien als Finalkandidaten f\u00fcr die mit 10.000 Euro dotierte Auszeichnung benannt worden, teilte der Verband Evangelisches Literaturportal mit Sitz in G\u00f6ttingen am Dienstag mit.<\/p>\n<p>Das Gewinnerbuch wird den Angaben zufolge von einer Jury ausgew\u00e4hlt, die sich aus Mitarbeiterinnen und Mitarbeitern evangelischer B\u00fcchereien, Bibliothekaren und Theologen zusammensetzt. Der Preis wird am 20. Mai 2026 im Heilig-Geist-Saal in N\u00fcrnberg verliehen.<\/p>\n<h3>B\u00fccher, die zum Nachdenken anregen<\/h3>\n<p>Der Evangelische Buchpreis wird seit 1979 j\u00e4hrlich von dem Verband vergeben. Das Vorschlagsrecht haben nicht Autoren oder Verlage, sondern Leserinnen und Leser. Gesucht w\u00fcrden B\u00fccher, \u201edie anregen, \u00fcber uns selbst, unser Miteinander und unser Leben mit Gott neu nachzudenken\u201c, hie\u00df es.<\/p>\n<\/p><\/div>\n<p>        <!-- RSPEAK_STOP --><\/p>\n<footer class=\"article--footer\">\n<\/footer><\/div>\n","protected":false},"excerpt":{"rendered":"<p>13.01.2026 News Jury w\u00e4hlt aus 130 vorgeschlagenen B\u00fcchern neun Romane sowie je zwei Kinder- und Jugend- und Sachb\u00fccher aus Die<\/p>\n","protected":false},"author":2,"featured_media":8978,"comment_status":"closed","ping_status":"closed","sticky":false,"template":"","format":"standard","meta":{"footnotes":""},"categories":[20],"tags":[],"_links":{"self":[{"href":"https:\/\/krankenhauspfarramt.de\/index.php\/wp-json\/wp\/v2\/posts\/8977"}],"collection":[{"href":"https:\/\/krankenhauspfarramt.de\/index.php\/wp-json\/wp\/v2\/posts"}],"about":[{"href":"https:\/\/krankenhauspfarramt.de\/index.php\/wp-json\/wp\/v2\/types\/post"}],"author":[{"embeddable":true,"href":"https:\/\/krankenhauspfarramt.de\/index.php\/wp-json\/wp\/v2\/users\/2"}],"replies":[{"embeddable":true,"href":"https:\/\/krankenhauspfarramt.de\/index.php\/wp-json\/wp\/v2\/comments?post=8977"}],"version-history":[{"count":1,"href":"https:\/\/krankenhauspfarramt.de\/index.php\/wp-json\/wp\/v2\/posts\/8977\/revisions"}],"predecessor-version":[{"id":8979,"href":"https:\/\/krankenhauspfarramt.de\/index.php\/wp-json\/wp\/v2\/posts\/8977\/revisions\/8979"}],"wp:featuredmedia":[{"embeddable":true,"href":"https:\/\/krankenhauspfarramt.de\/index.php\/wp-json\/wp\/v2\/media\/8978"}],"wp:attachment":[{"href":"https:\/\/krankenhauspfarramt.de\/index.php\/wp-json\/wp\/v2\/media?parent=8977"}],"wp:term":[{"taxonomy":"category","embeddable":true,"href":"https:\/\/krankenhauspfarramt.de\/index.php\/wp-json\/wp\/v2\/categories?post=8977"},{"taxonomy":"post_tag","embeddable":true,"href":"https:\/\/krankenhauspfarramt.de\/index.php\/wp-json\/wp\/v2\/tags?post=8977"}],"curies":[{"name":"wp","href":"https:\/\/api.w.org\/{rel}","templated":true}]}}