{"id":8980,"date":"2026-01-21T23:42:19","date_gmt":"2026-01-21T23:42:19","guid":{"rendered":"https:\/\/krankenhauspfarramt.de\/index.php\/2026\/01\/21\/21-01-2026-gemeinsam-aktiv-werden-fuer-klimaschutz-und-gerechtigkeit\/"},"modified":"2026-01-21T23:42:19","modified_gmt":"2026-01-21T23:42:19","slug":"21-01-2026-gemeinsam-aktiv-werden-fuer-klimaschutz-und-gerechtigkeit","status":"publish","type":"post","link":"https:\/\/krankenhauspfarramt.de\/index.php\/2026\/01\/21\/21-01-2026-gemeinsam-aktiv-werden-fuer-klimaschutz-und-gerechtigkeit\/","title":{"rendered":"21.01.2026 Gemeinsam aktiv werden f\u00fcr Klimaschutz und Gerechtigkeit"},"content":{"rendered":"<p><\/p>\n<div>\n<h2><span>Klimafastenaktion startet am 18. Februar<\/span><\/h2>\n<p>Karlsruhe\/Stuttgart. In der kommenden Fastenzeit laden Kirchen, Verb\u00e4nde und Initiativen aus ganz Deutschland alle Menschen herzlich zur \u00f6kumenischen Aktion <strong>\u201eKlimafasten\u201c<\/strong> ein. Auch die Evangelischen Landeskirchen in Baden und W\u00fcrttemberg beteiligen sich mit Angeboten an der Aktion. Vom <strong>Aschermittwoch, 18. Februar, bis zum Ostersonntag, 5. April 2026<\/strong> stehen dabei Klimaschutz und Gerechtigkeit im Zentrum einer Zeit der inneren Einkehr, des bewussten Lebens und des gemeinsamen Engagements.<\/p>\n<p>Unter dem Motto <strong>\u201eSo viel du brauchst\u201c\u00a0<\/strong>geben die Veranstalter Anregungen, wie ein Alltag so gestaltet werden kann, dass er sowohl dem Klima als auch einer gerechten Welt zugutekommt. Klimafasten l\u00e4dt dazu ein, bewusst wahrzunehmen, was im Leben wesentlich ist und wie man gemeinsam eine lebenswerte Zukunft gestalten kann.\u00a0<\/p>\n<p>Klimafasten gliedert die Passionszeit in <strong>sieben inspirierende Wochen<\/strong>, in denen jeweils ein anderes Thema im Fokus steht.\u00a0<\/p>\n<ol>\n<li><span><strong>Genug. Beschenkt.\u00a0<\/strong>Wovon habe ich genug? Was macht mich heute reich?<\/span><\/li>\n<li><span><strong>Gerecht. Lebenswert.\u00a0<\/strong>Wie sieht Gerechtigkeit aus? Ich habe genug \u2013 und andere?<\/span><\/li>\n<li><span><strong>Gut. Versorgt.\u00a0<\/strong>Vom Gesund-Sein und Sich-Versorgt-Wissen<\/span><\/li>\n<li><span><strong>Gemeinsam. Leben.\u00a0<\/strong>Wie leben wir Gemeinschaft mit allem Lebendigen?<\/span><\/li>\n<li><span><strong>Geschenkt. Zeit.\u00a0<\/strong>Zeit erf\u00fcllend nutzen, f\u00fcr mich \u2013 f\u00fcr andere(s)<\/span><\/li>\n<li><span><strong>Gl\u00fcckselig. Liebevoll.\u00a0<\/strong>Mit allen Sinnen wahrnehmen. Offen, sinnlich, empf\u00e4nglich.<\/span><\/li>\n<li><span><strong>Gesegnet. Bereichert.\u00a0<\/strong>Vom Segen und von der Verantwortung<\/span><\/li>\n<\/ol>\n<p>Die Fastenaktion wird getragen von einem \u00f6kumenischen Netzwerk aus <strong>25 Partnerorganisationen und -kirchen<\/strong>, die sich mit verschiedenen Angeboten einbringen.<\/p>\n<p>Jede Woche bietet Impulse, praktische Anregungen, einen begleitenden Bibelvers und Ideen zum Ausprobieren \u2013 sei es f\u00fcr Einzelne, Familien, Freundeskreise oder Gemeinden in beiden Landeskirchen.\u00a0So bietet beispielsweise die Evangelische Erwachsenenbildung Baden w\u00e4hrend\u00a0<\/p>\n<p>der sieben Fastenwochen zwei Online-Fastengruppen an, die auch \u00fcberregional zug\u00e4nglich sind. In Verbindung von Bibeltexten und Alltagsaufgaben besch\u00e4ftigen sich die Gruppen mit der Frage \u201eWieviel ist genug?\u201c. Die beiden Fastengruppen finden jeweils am Mittwochabend und am Donnerstagmorgen statt und starten am Aschermittwoch, 18. Februar, bzw. am Donnerstag, 19. Februar.\u00a0<\/p>\n<p>Auch aus der w\u00fcrttembergischen Landeskirche kommt ein \u00fcberregionales Angebot: In einem w\u00f6chentlichen E-Mail-Newsletter k\u00f6nnen sich Interessierte zum jeweiligen Wochenthema eine Vielzahl von Anregungen und Infos schicken lassen.<\/p>\n<p>Jede und jeder kann sich am Klimafasten beteiligen \u2013 unabh\u00e4ngig von Alter oder Konfession. Klimafasten lebt von der Vielfalt der Teilnehmenden und dem gemeinsamen Austausch \u00fcber klimafreundliches Handeln, ob in <strong>Fastengruppen vor Ort<\/strong>, als digitale Austauschm\u00f6glichkeiten oder im eigenen Alltag.\u00a0<\/p>\n<p>Zur Unterst\u00fctzung stehen Materialien wie die <strong>Klimafasten-Brosch\u00fcre,<\/strong> Wochenplakate, Postkarten, Anregungen f\u00fcr Kindertagesst\u00e4tten und Schulen sowie thematische Impulse kostenlos zur Verf\u00fcgung. Viele Gemeinden, Arbeitsgruppen und Initiativen organisieren zus\u00e4tzliche Veranstaltungen, Gottesdienste und Aktionen.<\/p>\n<p>Informationen, Materialien und Veranstaltungsangebote gibt es unter\u00a0https:\/\/klimafasten.de.<\/p>\n<p>Die Anmeldung zum Newsletter finden Sie\u00a0hier.<\/p>\n<p>Informationen zur Klimafastenaktion auf Social Media unter:<\/p>\n<p>www.instagram.com\/sovieldubrauchst<br \/>www.facebook.com\/sovieldubrauchst\u00a0<br \/>www.youtube.com\/@klimafasten994<\/p>\n<p>Dan Peter<br \/>Sprecher der Landeskirche<\/p>\n<p><strong>Hinweis: <\/strong>Die Pressemitteilung wird von den Pressestellen der Evangelischen Landeskirche in Baden und der Evangelischen Landeskirche in W\u00fcrttemberg zeitgleich versendet. Wir bitten Mehrfachsendungen zu entschuldigen.<\/p>\n<\/p><\/div>\n<p><script async src=\"\/\/www.instagram.com\/embed.js\"><\/script><\/p>\n","protected":false},"excerpt":{"rendered":"<p>Klimafastenaktion startet am 18. Februar Karlsruhe\/Stuttgart. In der kommenden Fastenzeit laden Kirchen, Verb\u00e4nde und Initiativen aus ganz Deutschland alle Menschen<\/p>\n","protected":false},"author":1,"featured_media":0,"comment_status":"closed","ping_status":"closed","sticky":false,"template":"","format":"standard","meta":{"footnotes":""},"categories":[21],"tags":[],"_links":{"self":[{"href":"https:\/\/krankenhauspfarramt.de\/index.php\/wp-json\/wp\/v2\/posts\/8980"}],"collection":[{"href":"https:\/\/krankenhauspfarramt.de\/index.php\/wp-json\/wp\/v2\/posts"}],"about":[{"href":"https:\/\/krankenhauspfarramt.de\/index.php\/wp-json\/wp\/v2\/types\/post"}],"author":[{"embeddable":true,"href":"https:\/\/krankenhauspfarramt.de\/index.php\/wp-json\/wp\/v2\/users\/1"}],"replies":[{"embeddable":true,"href":"https:\/\/krankenhauspfarramt.de\/index.php\/wp-json\/wp\/v2\/comments?post=8980"}],"version-history":[{"count":0,"href":"https:\/\/krankenhauspfarramt.de\/index.php\/wp-json\/wp\/v2\/posts\/8980\/revisions"}],"wp:attachment":[{"href":"https:\/\/krankenhauspfarramt.de\/index.php\/wp-json\/wp\/v2\/media?parent=8980"}],"wp:term":[{"taxonomy":"category","embeddable":true,"href":"https:\/\/krankenhauspfarramt.de\/index.php\/wp-json\/wp\/v2\/categories?post=8980"},{"taxonomy":"post_tag","embeddable":true,"href":"https:\/\/krankenhauspfarramt.de\/index.php\/wp-json\/wp\/v2\/tags?post=8980"}],"curies":[{"name":"wp","href":"https:\/\/api.w.org\/{rel}","templated":true}]}}