{"id":8981,"date":"2026-01-22T12:47:31","date_gmt":"2026-01-22T12:47:31","guid":{"rendered":"https:\/\/krankenhauspfarramt.de\/index.php\/2026\/01\/22\/studie-fuer-evangelische-bildung-und-kirchenentwicklung-veroeffentlicht-ekd\/"},"modified":"2026-01-22T12:47:33","modified_gmt":"2026-01-22T12:47:33","slug":"studie-fuer-evangelische-bildung-und-kirchenentwicklung-veroeffentlicht-ekd","status":"publish","type":"post","link":"https:\/\/krankenhauspfarramt.de\/index.php\/2026\/01\/22\/studie-fuer-evangelische-bildung-und-kirchenentwicklung-veroeffentlicht-ekd\/","title":{"rendered":"Studie f\u00fcr evangelische Bildung und Kirchenentwicklung ver\u00f6ffentlicht \u2013 EKD"},"content":{"rendered":"<p> <br \/>\n<\/p>\n<div id=\"\">\n<ul>\n<li>Neue EKD-Studie entwickelt Szenarien zukunftsf\u00e4higen kirchlichen Handelns<\/li>\n<li>Kirchliche Bildung wird in den Fokus genommen<\/li>\n<li>Religi\u00f6se Bildung bleibt tragende Ressource der Kirchenentwicklung<\/li>\n<\/ul>\n<p>Hannover (22. Januar). Wie kann evangelische Kirche unter Bedingungen tiefgreifenden gesellschaftlichen Wandels handlungsf\u00e4hig bleiben? Mit der jetzt ver\u00f6ffentlichten Studie \u201eEntscheiden jenseits vertrauter Horizonte. Zukunftsszenarien f\u00fcr evangelische Bildung und Kirche\u201c legt die Evangelische Kirche in Deutschland (EKD) einen Orientierungsrahmen f\u00fcr Verantwortliche in Kirche und Bildung vor.<\/p>\n<p>Die Studie schl\u00e4gt vor, an die Stelle klassischer Planungsannahmen ein Denken in Szenarien zu setzen: Unterschiedliche m\u00f6gliche Zuk\u00fcnfte werden sichtbar. Dadurch wird es in der Gegenwart leichter, Priorit\u00e4ten zu kl\u00e4ren und Weichenstellungen vorzunehmen.<\/p>\n<p>Im Zentrum steht die Einsicht, dass Bildungsverantwortung und Kirchenentwicklung sich wechselseitig bedingen. Evangelische Bildung ist nicht nur ein Arbeitsfeld der Kirche, sondern ein Grundmodus ihrer Pr\u00e4senz und Glaubenskommunikation \u2013 von der fr\u00fchen Bildung \u00fcber Religionsunterricht, Konfirmand*innen- und Jugendarbeit bis zur Erwachsenenbildung. Zugleich zeigt sich in der konkreten Gestalt kirchlichen Handelns, inwiefern diese Bildungsprozesse Orientierung stiften, dialogf\u00e4hig bleiben und gesellschaftliche Relevanz entfalten k\u00f6nnen.<\/p>\n<p>Die Studie arbeitet mit Zukunftsszenarien und sogenannten \u201eSchiebereglermodellen\u201c, die verdeutlichen, welche Grundentscheidungen kirchliches Handeln pr\u00e4gen: etwa im Verh\u00e4ltnis von Staat und Kirche, zwischen fl\u00e4chendeckender Pr\u00e4senz und punktueller Konzentration, zwischen konfessioneller Profilierung und kooperativer Offenheit. Unterschiedliche Szenarien werden f\u00fcr zentrale Praxisfelder evangelischer Bildungsarbeit entfaltet und mit ihren Chancen, Risiken und Konsequenzen beschrieben.<\/p>\n<p>Bisch\u00f6fin Kirsten Fehrs, Vorsitzende des Rates der EKD, betont im Vorwort:<br \/>\u201eDie evangelische Kirche bleibt auch in der Gestaltung ihrer Bildungsverantwortung lernende Gemeinschaft \u2013 kreativ, verantwortungsvoll, getragen von der Hoffnung des Evangeliums.\u201c<\/p>\n<p>Die Publikation wurde erarbeitet von einer Expert*innengruppe aus dem Kammernetzwerk der EKD. Sie richtet sich an Entscheidungstr\u00e4ger*innen in Landeskirchen, Kirchenkreisen, Gemeinden und Bildungseinrichtungen, auch \u00fcber den kirchlichen Kontext hinaus. Zugleich l\u00e4dt sie dazu ein, kirchliche Zukunft nicht als festgelegten Weg zu verstehen, sondern als offenen M\u00f6glichkeitsraum, der verantwortungsvoll gestaltet werden will.<\/p>\n<p>Die Studie ist ab sofort auf der Website der EKD unter www.ekd.de\/zukunftsszenarien online verf\u00fcgbar; sie ist bei der Evangelischen Verlagsanstalt Leipzig erschienen und dort als Printausgabe zum Preis von 28 Euro (vor-)bestellbar.<\/p>\n<p>Pressestelle der EKD<br \/>\u00a0<\/p>\n<\/div>\n","protected":false},"excerpt":{"rendered":"<p>Neue EKD-Studie entwickelt Szenarien zukunftsf\u00e4higen kirchlichen Handelns Kirchliche Bildung wird in den Fokus genommen Religi\u00f6se Bildung bleibt tragende Ressource der<\/p>\n","protected":false},"author":2,"featured_media":7532,"comment_status":"closed","ping_status":"closed","sticky":false,"template":"","format":"standard","meta":{"footnotes":""},"categories":[20],"tags":[],"_links":{"self":[{"href":"https:\/\/krankenhauspfarramt.de\/index.php\/wp-json\/wp\/v2\/posts\/8981"}],"collection":[{"href":"https:\/\/krankenhauspfarramt.de\/index.php\/wp-json\/wp\/v2\/posts"}],"about":[{"href":"https:\/\/krankenhauspfarramt.de\/index.php\/wp-json\/wp\/v2\/types\/post"}],"author":[{"embeddable":true,"href":"https:\/\/krankenhauspfarramt.de\/index.php\/wp-json\/wp\/v2\/users\/2"}],"replies":[{"embeddable":true,"href":"https:\/\/krankenhauspfarramt.de\/index.php\/wp-json\/wp\/v2\/comments?post=8981"}],"version-history":[{"count":1,"href":"https:\/\/krankenhauspfarramt.de\/index.php\/wp-json\/wp\/v2\/posts\/8981\/revisions"}],"predecessor-version":[{"id":8982,"href":"https:\/\/krankenhauspfarramt.de\/index.php\/wp-json\/wp\/v2\/posts\/8981\/revisions\/8982"}],"wp:featuredmedia":[{"embeddable":true,"href":"https:\/\/krankenhauspfarramt.de\/index.php\/wp-json\/wp\/v2\/media\/7532"}],"wp:attachment":[{"href":"https:\/\/krankenhauspfarramt.de\/index.php\/wp-json\/wp\/v2\/media?parent=8981"}],"wp:term":[{"taxonomy":"category","embeddable":true,"href":"https:\/\/krankenhauspfarramt.de\/index.php\/wp-json\/wp\/v2\/categories?post=8981"},{"taxonomy":"post_tag","embeddable":true,"href":"https:\/\/krankenhauspfarramt.de\/index.php\/wp-json\/wp\/v2\/tags?post=8981"}],"curies":[{"name":"wp","href":"https:\/\/api.w.org\/{rel}","templated":true}]}}