{"id":9080,"date":"2026-03-04T23:52:36","date_gmt":"2026-03-04T23:52:36","guid":{"rendered":"https:\/\/krankenhauspfarramt.de\/index.php\/2026\/03\/04\/03-03-2026-der-schutz-von-menschen-in-not-ist-christenpflicht\/"},"modified":"2026-03-04T23:52:36","modified_gmt":"2026-03-04T23:52:36","slug":"03-03-2026-der-schutz-von-menschen-in-not-ist-christenpflicht","status":"publish","type":"post","link":"https:\/\/krankenhauspfarramt.de\/index.php\/2026\/03\/04\/03-03-2026-der-schutz-von-menschen-in-not-ist-christenpflicht\/","title":{"rendered":"03.03.2026 \u201eDer Schutz von Menschen in Not ist Christenpflicht\u201c"},"content":{"rendered":"<p><\/p>\n<div>\n<p>Landesbischof Gohl zum Stand des Fl\u00fcchtlingsschutzes in Deutschland: <strong>\u201eWer meint, mit markigen Spr\u00fcchen den Rechtspopulisten das Wasser abgraben zu k\u00f6nnen, verkennt, dass er das Gegenteil erreicht.\u201c<\/strong><\/p>\n<p>Stuttgart.\u00a0\u201eIch bin der \u00dcberzeugung: Der Schutz von Menschen in Not \u2013 und Gefl\u00fcchtete sind Menschen in Not \u2013 ist Christenpflicht.\u201c Das sagte Landesbischof Ernst-Wilhelm Gohl bei der Fl\u00fcchtlingsschutztagung 2026 der Evangelischen Akademie Bad Boll am 27. Februar. Man d\u00fcrfe nie vergessen, \u201edass es am Anfang und am Ende immer um einen einzelnen Menschen geht, dessen Not ich sehe, und dass ich mich zu dieser Not meines N\u00e4chsten verhalte.\u201c Mit Bezug auf das\u00a0Gleichnis vom barmherzigen Samariter sagte Gohl: \u201eWer also ist mein N\u00e4chster? Mein N\u00e4chster ist, der mir zum N\u00e4chsten w i r d. Der pl\u00f6tzlich auf meinem Weg quer zu meinen Vorhaben liegt, der einfach da ist und zu dem ich mich verhalten muss. 2015 und in den Folgejahren waren das Menschen aus Syrien, Afghanistan, aus Nordafrika und anderen L\u00e4ndern.\u201c<\/p>\n<p>Es reiche aber nicht aus, \u201eauf die starken ethischen Impulse von einzelnen Menschen zu setzen\u201c, so Gohl: \u201eEs braucht auch gesellschaftliche Strukturen. Angesichts der komplexen Gemengelage, in der sich die Migrationspolitik befindet und angesichts des \u00f6ffentlichen Dauerdrucks auf einfache, wirkungsvolle Methoden der Migrationssteuerung hat der Einsatz f\u00fcr Menschen, die in die EU immigrieren wollen, keine Konjunktur.\u201c<\/p>\n<p>Gohl beklagte, heute m\u00fcssten \u201esich oftmals die rechtfertigen, die f\u00fcr die Rechte und Unterst\u00fctzung von Gefl\u00fcchteten eintreten. Es m\u00fcssen sich die rechtfertigen, die im Mittelmeer Gefl\u00fcchtete vor dem Ertrinken retten und nicht etwa die, denen das Schicksal dieser Menschen egal ist.\u201c Das Thema des Fl\u00fcchtlingsschutzes finde kaum noch in der \u00f6ffentlichen Debatte statt. Gohl fuhr fort: \u201eDerzeit leitend ist der Gedanke, wie sich Europa gegen gefl\u00fcchtete, oftmals traumatisierte Menschen am effektivsten abschotten kann. F\u00fcr ein humanes, solidarisches Europa ist das ein Armutszeugnis. Und wer meint durch eine solche Politik mit markigen Spr\u00fcchen den Rechtspopulisten das Wasser abgraben zu k\u00f6nnen, verkennt, dass er dadurch geradezu das Gegenteil erreicht.\u201c\u00a0<\/p>\n<p>Wer wie der amerikanische Vizepr\u00e4sident J. D. Vance \u201edie N\u00e4chsten an der Dorfgrenze oder beim Familienverband enden l\u00e4sst, hat die Pointe des Gleichnisses vom barmherzigen Samariter gerade nicht verstanden.\u201c\u00a0<\/p>\n<p>Dan Peter<br \/>Sprecher der Landeskirche<\/p>\n<p><strong>HINWEIS:<\/strong> Bilder von Landesbischof Ernst-Wilhelm Gohl finden Sie im\u00a0Pressebereich unserer Website.<\/p>\n<\/p><\/div>\n","protected":false},"excerpt":{"rendered":"<p>Landesbischof Gohl zum Stand des Fl\u00fcchtlingsschutzes in Deutschland: \u201eWer meint, mit markigen Spr\u00fcchen den Rechtspopulisten das Wasser abgraben zu k\u00f6nnen,<\/p>\n","protected":false},"author":1,"featured_media":0,"comment_status":"closed","ping_status":"closed","sticky":false,"template":"","format":"standard","meta":{"footnotes":""},"categories":[21],"tags":[],"_links":{"self":[{"href":"https:\/\/krankenhauspfarramt.de\/index.php\/wp-json\/wp\/v2\/posts\/9080"}],"collection":[{"href":"https:\/\/krankenhauspfarramt.de\/index.php\/wp-json\/wp\/v2\/posts"}],"about":[{"href":"https:\/\/krankenhauspfarramt.de\/index.php\/wp-json\/wp\/v2\/types\/post"}],"author":[{"embeddable":true,"href":"https:\/\/krankenhauspfarramt.de\/index.php\/wp-json\/wp\/v2\/users\/1"}],"replies":[{"embeddable":true,"href":"https:\/\/krankenhauspfarramt.de\/index.php\/wp-json\/wp\/v2\/comments?post=9080"}],"version-history":[{"count":0,"href":"https:\/\/krankenhauspfarramt.de\/index.php\/wp-json\/wp\/v2\/posts\/9080\/revisions"}],"wp:attachment":[{"href":"https:\/\/krankenhauspfarramt.de\/index.php\/wp-json\/wp\/v2\/media?parent=9080"}],"wp:term":[{"taxonomy":"category","embeddable":true,"href":"https:\/\/krankenhauspfarramt.de\/index.php\/wp-json\/wp\/v2\/categories?post=9080"},{"taxonomy":"post_tag","embeddable":true,"href":"https:\/\/krankenhauspfarramt.de\/index.php\/wp-json\/wp\/v2\/tags?post=9080"}],"curies":[{"name":"wp","href":"https:\/\/api.w.org\/{rel}","templated":true}]}}