{"id":9081,"date":"2026-03-05T11:35:30","date_gmt":"2026-03-05T11:35:30","guid":{"rendered":"https:\/\/krankenhauspfarramt.de\/index.php\/2026\/03\/05\/exil-iraner-sorgen-sich-um-angehoerige-im-iran-ekd\/"},"modified":"2026-03-05T11:35:31","modified_gmt":"2026-03-05T11:35:31","slug":"exil-iraner-sorgen-sich-um-angehoerige-im-iran-ekd","status":"publish","type":"post","link":"https:\/\/krankenhauspfarramt.de\/index.php\/2026\/03\/05\/exil-iraner-sorgen-sich-um-angehoerige-im-iran-ekd\/","title":{"rendered":"Exil-Iraner sorgen sich um Angeh\u00f6rige im Iran \u2013 EKD"},"content":{"rendered":"<p> <br \/>\n<\/p>\n<div>\n<h3>Gottesdienste der Solidarit\u00e4t mit Menschen im Iran<\/h3>\n<p>Es gebe bei den in Deutschland lebenden Iranern einen gestiegenen Bedarf an seelsorglichen Gespr\u00e4chen, sagte Sepehri Fard. Es w\u00fcrden Gottesdienste gefeiert, um Solidarit\u00e4t mit den Menschen im Iran zu zeigen. Die Kirche bietet auch einen Raum f\u00fcr Trauer, wenn Menschen nicht an einer Trauerfeier f\u00fcr Angeh\u00f6rige im Iran teilnehmen k\u00f6nnen. Als Vertreter der westf\u00e4lischen Landeskirche, der f\u00fcr iranische Christen zust\u00e4ndig ist, geh\u00f6re es auch zu seinen Aufgaben, zu zeigen, dass die Kirche auf der Seite von Menschenrechten und gegen Gewalt stehe.<\/p>\n<\/p><\/div>\n","protected":false},"excerpt":{"rendered":"<p>Gottesdienste der Solidarit\u00e4t mit Menschen im Iran Es gebe bei den in Deutschland lebenden Iranern einen gestiegenen Bedarf an seelsorglichen<\/p>\n","protected":false},"author":2,"featured_media":9082,"comment_status":"closed","ping_status":"closed","sticky":false,"template":"","format":"standard","meta":{"footnotes":""},"categories":[20],"tags":[],"_links":{"self":[{"href":"https:\/\/krankenhauspfarramt.de\/index.php\/wp-json\/wp\/v2\/posts\/9081"}],"collection":[{"href":"https:\/\/krankenhauspfarramt.de\/index.php\/wp-json\/wp\/v2\/posts"}],"about":[{"href":"https:\/\/krankenhauspfarramt.de\/index.php\/wp-json\/wp\/v2\/types\/post"}],"author":[{"embeddable":true,"href":"https:\/\/krankenhauspfarramt.de\/index.php\/wp-json\/wp\/v2\/users\/2"}],"replies":[{"embeddable":true,"href":"https:\/\/krankenhauspfarramt.de\/index.php\/wp-json\/wp\/v2\/comments?post=9081"}],"version-history":[{"count":1,"href":"https:\/\/krankenhauspfarramt.de\/index.php\/wp-json\/wp\/v2\/posts\/9081\/revisions"}],"predecessor-version":[{"id":9083,"href":"https:\/\/krankenhauspfarramt.de\/index.php\/wp-json\/wp\/v2\/posts\/9081\/revisions\/9083"}],"wp:featuredmedia":[{"embeddable":true,"href":"https:\/\/krankenhauspfarramt.de\/index.php\/wp-json\/wp\/v2\/media\/9082"}],"wp:attachment":[{"href":"https:\/\/krankenhauspfarramt.de\/index.php\/wp-json\/wp\/v2\/media?parent=9081"}],"wp:term":[{"taxonomy":"category","embeddable":true,"href":"https:\/\/krankenhauspfarramt.de\/index.php\/wp-json\/wp\/v2\/categories?post=9081"},{"taxonomy":"post_tag","embeddable":true,"href":"https:\/\/krankenhauspfarramt.de\/index.php\/wp-json\/wp\/v2\/tags?post=9081"}],"curies":[{"name":"wp","href":"https:\/\/api.w.org\/{rel}","templated":true}]}}