{"id":9084,"date":"2026-03-05T12:46:13","date_gmt":"2026-03-05T12:46:13","guid":{"rendered":"https:\/\/krankenhauspfarramt.de\/index.php\/2026\/03\/05\/nicht-nur-die-uniform-sehen-sondern-den-menschen-ekd\/"},"modified":"2026-03-05T12:46:14","modified_gmt":"2026-03-05T12:46:14","slug":"nicht-nur-die-uniform-sehen-sondern-den-menschen-ekd","status":"publish","type":"post","link":"https:\/\/krankenhauspfarramt.de\/index.php\/2026\/03\/05\/nicht-nur-die-uniform-sehen-sondern-den-menschen-ekd\/","title":{"rendered":"\u201eNicht nur die Uniform sehen, sondern den Menschen\u201c \u2013 EKD"},"content":{"rendered":"<p> <br \/>\n<\/p>\n<div id=\"\">\n<div class=\"article--meta article--meta__border clearfix\">\n<p>                                    <time datetime=\"04.03.2026 15:00\" class=\"article--time\">04.03.2026<\/time><\/p>\n<p>                                     <strong class=\"article--type primus--overline\">Pressemitteilung<\/strong><\/p>\n<picture class=\"article--source-image image\"><source srcset=\"https:\/\/www.ekd.de\/ekd_de\/ds_img\/assets\/20170622_ekd-Quellenlogo_300.jpg\"><!--<source srcset=\"\/ekd_de\/ds_img\/assets\/20170622_ekd-Quellenlogo_300_rdax_141x39s.jpg 1x, \/ekd_de\/ds_img\/assets\/20170622_ekd-Quellenlogo_300_rdax_282x78s.jpg 2x, https:\/\/www.ekd.de\/ekd_de\/ds_img\/assets\/20170622_ekd-Quellenlogo_300.jpg 3x\">--><\/p>\n<p>    <\/source><\/picture>\n<\/p><\/div><\/div>\n<div id=\"\">\n<ul>\n<li>Bischof Adomeit als neuer Beauftragter f\u00fcr Seelsorge in der Bundespolizei eingef\u00fchrt<\/li>\n<li>Seelsorge besonders nach belastenden Eins\u00e4tzen wichtig<\/li>\n<li>Dank an bisherigen Amtsinhaber Karl-Hinrich Manzke<\/li>\n<\/ul>\n<p>Hannover (4. M\u00e4rz 2026). Die Ratsvorsitzende der Evangelischen Kirche in Deutschland (EKD), Bisch\u00f6fin Kirsten Fehrs, hat heute in einem Festgottesdienst in der Franz\u00f6sischen Friedrichstadtkirche in Berlin Bischof Thomas Adomeit (Oldenburg) als neuen Beauftragten des Rates der EKD f\u00fcr die Evangelische Seelsorge in der Bundespolizei eingef\u00fchrt. Er folgt auf Landesbischof i. R. Karl-Hinrich Manzke, der das Amt seit 2011 innehatte.<\/p>\n<p>Seelsorge in diesem Kontext bedeute, so Bisch\u00f6fin Fehrs, Menschen zur Seite zu stehen, die im wahrsten Sinne den eigenen Kopf hinhielten. Polizistinnen und Polizisten seien inzwischen regelm\u00e4\u00dfig mit Anfeindungen konfrontiert. Gerade in einem Beruf, in dem die Belastungen oft mit nach Hause genommen w\u00fcrden, brauche es Orte des Zuh\u00f6rens, des achtungsvollen Schweigens und der ethischen Orientierung. \u201eEs geht immer darum, den Menschen mit den Augen Gottes zu achten. Nicht nur die Uniform zu sehen, sondern den Menschen.\u201c<\/p>\n<p>Bisch\u00f6fin Fehrs w\u00fcrdigte den Dienst der Polizistinnen und Polizisten. Sie tr\u00fcgen Verantwortung f\u00fcr den Schutz von Freiheit und Rechtsstaat. \u201eEs ist diese Haltung, f\u00fcr andere da zu sein mit Herz, Mut und Verstand, dem Gemeinwohl zu dienen und unsere demokratische Grundordnung zu erhalten &#8211; mitunter verbunden mit einem hohen pers\u00f6nlichen Risiko, die mir Respekt abverlangt.\u201c<\/p>\n<p>Bisch\u00f6fin Fehrs dankte Karl-Hinrich Manzke f\u00fcr seinen langj\u00e4hrigen pr\u00e4genden und engagierten Einsatz. Er habe wesentlich dazu beigetragen, die Seelsorge in der Bundespolizei zu st\u00e4rken und die Kirche als verl\u00e4ssliche Partnerin an der Seite der Beamtinnen und Beamten zu profilieren \u2013 besonders nach belastenden Eins\u00e4tzen.<\/p>\n<p>Mit Thomas Adomeit \u00fcbernimmt ein erfahrener Bischof und Seelsorger das Amt. Seine Aufgabe werde es sein, die Verbindung zwischen EKD und Bundespolizei weiter zu vertiefen und die Frage wachzuhalten, was die Seelsorge in Zukunft f\u00fcr die Bundespolizei leisten kann. \u201eDas Ziel bleibt eine verl\u00e4ssliche Begleitung der Beamtinnen und Beamten \u2013 vor, w\u00e4hrend und nach kritischen Eins\u00e4tzen\u201c, so Bisch\u00f6fin Fehrs. \u201eMit Segen Kraft schenken und die Resilienz st\u00e4rken, daran wollen wir festhalten.\u201c<\/p>\n<p>Der neue Beauftragte, Bischof Adomeit, nahm in seiner Predigt Bezug auf die Belastungen, denen Bundespolizisten ausgesetzt sind: \u201eViele in der Polizei erleben Bedr\u00e4ngnis ganz konkret im Dienst: Sie stehen an Brennpunkten, an Grenzen, an Bahnh\u00f6fen, in Flugzeugen und auf Stra\u00dfen. Sie werden beschimpft, gefilmt, provoziert. In den letzten Jahren nehmen Angriffe auf Einsatzkr\u00e4fte zu \u2013 k\u00f6rperlich, verbal, digital. Die Uniform wird f\u00fcr manche zum Ziel.\u201c Aufgabe der Seelsorge sei es, den Menschen in dieser Situation zu helfen, wieder festen Boden unter die F\u00fc\u00dfe zu bekommen \u201eSie h\u00f6rt zu, bewahrt Vertrauen, fragt nach Sinn und hilft beim Sortieren.<\/p>\n<\/div>\n<div id=\"\">\n    <!-- Test for teaser --><br \/>\n    <!--Val: 1 --><\/p>\n<p>                    \t    <!-- SRC:  --><\/p>\n<aside class=\"article--aside quintus teaser teaser__related rs_skip rs_preserve\">\n<div class=\"teaser--article teaser--content\">\n<figure class=\"teaser--image\">\n                                                    <picture><source media=\"(max-width:935px)\" srcset=\"https:\/\/www.ekd.de\/ekd_de\/ds_img\/assets_1875_x\/20170504_Getty%20Images-iStockphoto-DragonImage_Seelsorge_1875_rdax_625x352_60s.jpg 1x, https:\/\/www.ekd.de\/ekd_de\/ds_img\/assets_1875_x\/20170504_Getty%20Images-iStockphoto-DragonImage_Seelsorge_1875_rdax_1250x704_60s.jpg 2x, https:\/\/www.ekd.de\/ekd_de\/ds_img\/assets_1875_x\/20170504_Getty%20Images-iStockphoto-DragonImage_Seelsorge_1875_rdax_60s.jpg 3x\"><source media=\"(min-width:934px)\" srcset=\"https:\/\/www.ekd.de\/ekd_de\/ds_img\/assets_1875_x\/20170504_Getty%20Images-iStockphoto-DragonImage_Seelsorge_1875_rdax_360x203_70s.jpg 1x, https:\/\/www.ekd.de\/ekd_de\/ds_img\/assets_1875_x\/20170504_Getty%20Images-iStockphoto-DragonImage_Seelsorge_1875_rdax_720x406_70s.jpg 2x, https:\/\/www.ekd.de\/ekd_de\/ds_img\/assets_1875_x\/20170504_Getty%20Images-iStockphoto-DragonImage_Seelsorge_1875_rdax_1080x608_70s.jpg 3x\"><img decoding=\"async\" src=\"https:\/\/www.ekd.de\/ekd_de\/ds_img\/assets_1875_x\/20170504_Getty%20Images-iStockphoto-DragonImage_Seelsorge_1875_rdax_625x352_60s.jpg\" alt=\"Zwei Menschen halten sich an den H\u00e4nden.\"\/><br \/>\n                                                    <\/source><\/source><\/picture><figcaption\/>\n                                                <\/figure>\n<p class=\"quintus--text teaser--text\">Ob in der Gemeinde, in der Spezialseelsorge oder in Beratungsstellen. Hier finden Sie einen \u00dcberblick \u00fcber die Vielfalt der Felder, in denen Seelsorge und Beratung in der EKD angeboten wird, um Menschen auf ihren Wegen zu begleiten.<\/p>\n<\/p><\/div>\n<\/aside>\n<div class=\"article--content\">\n<p>Und sie erinnert an den Gott, der nicht am Rand steht, sondern mitten in der Bedr\u00e4ngnis da ist.\u201c Ziel der evangelischen Seelsorge sei es, \u201edass Bedr\u00e4ngnis nicht ins Bodenlose f\u00fchrt, sondern ein Weg gefunden wird \u2013 hin zu Geduld, Bew\u00e4hrung und Hoffnung.\u201c<\/p>\n<p>Pressestelle der EKD<br \/>Carsten Splitt<\/p>\n<\/p><\/div>\n<\/div>\n","protected":false},"excerpt":{"rendered":"<p>04.03.2026 Pressemitteilung Bischof Adomeit als neuer Beauftragter f\u00fcr Seelsorge in der Bundespolizei eingef\u00fchrt Seelsorge besonders nach belastenden Eins\u00e4tzen wichtig Dank<\/p>\n","protected":false},"author":2,"featured_media":9085,"comment_status":"closed","ping_status":"closed","sticky":false,"template":"","format":"standard","meta":{"footnotes":""},"categories":[20],"tags":[],"_links":{"self":[{"href":"https:\/\/krankenhauspfarramt.de\/index.php\/wp-json\/wp\/v2\/posts\/9084"}],"collection":[{"href":"https:\/\/krankenhauspfarramt.de\/index.php\/wp-json\/wp\/v2\/posts"}],"about":[{"href":"https:\/\/krankenhauspfarramt.de\/index.php\/wp-json\/wp\/v2\/types\/post"}],"author":[{"embeddable":true,"href":"https:\/\/krankenhauspfarramt.de\/index.php\/wp-json\/wp\/v2\/users\/2"}],"replies":[{"embeddable":true,"href":"https:\/\/krankenhauspfarramt.de\/index.php\/wp-json\/wp\/v2\/comments?post=9084"}],"version-history":[{"count":1,"href":"https:\/\/krankenhauspfarramt.de\/index.php\/wp-json\/wp\/v2\/posts\/9084\/revisions"}],"predecessor-version":[{"id":9086,"href":"https:\/\/krankenhauspfarramt.de\/index.php\/wp-json\/wp\/v2\/posts\/9084\/revisions\/9086"}],"wp:featuredmedia":[{"embeddable":true,"href":"https:\/\/krankenhauspfarramt.de\/index.php\/wp-json\/wp\/v2\/media\/9085"}],"wp:attachment":[{"href":"https:\/\/krankenhauspfarramt.de\/index.php\/wp-json\/wp\/v2\/media?parent=9084"}],"wp:term":[{"taxonomy":"category","embeddable":true,"href":"https:\/\/krankenhauspfarramt.de\/index.php\/wp-json\/wp\/v2\/categories?post=9084"},{"taxonomy":"post_tag","embeddable":true,"href":"https:\/\/krankenhauspfarramt.de\/index.php\/wp-json\/wp\/v2\/tags?post=9084"}],"curies":[{"name":"wp","href":"https:\/\/api.w.org\/{rel}","templated":true}]}}