{"id":9087,"date":"2026-03-05T15:37:44","date_gmt":"2026-03-05T15:37:44","guid":{"rendered":"https:\/\/krankenhauspfarramt.de\/index.php\/2026\/03\/05\/chatseelsorge-ekd\/"},"modified":"2026-03-05T15:37:46","modified_gmt":"2026-03-05T15:37:46","slug":"chatseelsorge-ekd","status":"publish","type":"post","link":"https:\/\/krankenhauspfarramt.de\/index.php\/2026\/03\/05\/chatseelsorge-ekd\/","title":{"rendered":"Chatseelsorge \u2013 EKD"},"content":{"rendered":"<p> <br \/>\n<\/p>\n<div id=\"\">\n<p>Das Zentrum f\u00fcr Seelsorge und Beratung der Ev.-luth. Landeskirche Hannovers hat sein System f\u00fcr die Chatseelsorge grundlegend modernisiert. Bereits seit Februar 2025 arbeitet das Angebot mit einer neuen, etablierten und sicheren Beratungssoftware. Seit \u00fcber 20 Jahren bietet das Zentrum eine niedrigschwellige Online-Seelsorge an, die bundesweit von Ratsuchenden genutzt werden kann. Alle Chats sind dabei durchgehend verschl\u00fcsselt.\u00a0<\/p>\n<p>Mit der neuen Software wurde vor allem das Chatsystem technisch erneuert. Aber auch die Einstiegsseite wurde grafisch und in der Nutzerf\u00fchrung modernisiert. Neben der Seelsorge im Einzelchat gibt es weiterhin moderierte Gruppenr\u00e4ume, aus denen bei Bedarf direkt in einen gesch\u00fctzten Einzelchat mit einer Seelsorgerin oder einem Seelsorger gewechselt werden kann. Zudem wurde die Seelsorge per E-Mail wieder aufgenommen.\u00a0<\/p>\n<p>Der Bedarf ist hoch: Derzeit finden \u00fcber 1.000 Einzelgespr\u00e4che pro Jahr statt. Durch die neue technische Grundlage k\u00f6nnen mehr Seelsorgende eingebunden und zus\u00e4tzliche Ratsuchende erreicht werden.\u00a0<\/p>\n<p>Das Projekt wird von der Landeskirche Hannovers getragen und von der EKD finanziell unterst\u00fctzt. Das Angebot richtet sich an Ratsuchende aus dem deutschsprachigen In- und Ausland. Gleichzeitig freut sich das Projekt \u00fcber weitere Seelsorgende aus allen Landeskirchen, die dieses digitale Angebot mit ihrem Engagement unterst\u00fctzen m\u00f6chten. Bei Bedarf werden Schulungen in digitaler Seelsorge angeboten.\u00a0<\/p>\n<p>Die Chatseelsorge ist offen f\u00fcr alle Menschen, unabh\u00e4ngig von Herkunft, Geschlecht, sexueller Orientierung, geschlechtlicher Identit\u00e4t, Religion oder Weltanschauung.\u00a0<\/p>\n<p>Das Projekt wird mit bis zu\u00a010.000\u00a0Euro\u00a0vom Digitalinnovationsfonds\u00a0gef\u00f6rdert.\u00a0<\/p>\n<p>Hier geht es zur Chatseelsorge!<\/p>\n<\/div>\n","protected":false},"excerpt":{"rendered":"<p>Das Zentrum f\u00fcr Seelsorge und Beratung der Ev.-luth. Landeskirche Hannovers hat sein System f\u00fcr die Chatseelsorge grundlegend modernisiert. Bereits seit<\/p>\n","protected":false},"author":2,"featured_media":9088,"comment_status":"closed","ping_status":"closed","sticky":false,"template":"","format":"standard","meta":{"footnotes":""},"categories":[20],"tags":[],"_links":{"self":[{"href":"https:\/\/krankenhauspfarramt.de\/index.php\/wp-json\/wp\/v2\/posts\/9087"}],"collection":[{"href":"https:\/\/krankenhauspfarramt.de\/index.php\/wp-json\/wp\/v2\/posts"}],"about":[{"href":"https:\/\/krankenhauspfarramt.de\/index.php\/wp-json\/wp\/v2\/types\/post"}],"author":[{"embeddable":true,"href":"https:\/\/krankenhauspfarramt.de\/index.php\/wp-json\/wp\/v2\/users\/2"}],"replies":[{"embeddable":true,"href":"https:\/\/krankenhauspfarramt.de\/index.php\/wp-json\/wp\/v2\/comments?post=9087"}],"version-history":[{"count":1,"href":"https:\/\/krankenhauspfarramt.de\/index.php\/wp-json\/wp\/v2\/posts\/9087\/revisions"}],"predecessor-version":[{"id":9089,"href":"https:\/\/krankenhauspfarramt.de\/index.php\/wp-json\/wp\/v2\/posts\/9087\/revisions\/9089"}],"wp:featuredmedia":[{"embeddable":true,"href":"https:\/\/krankenhauspfarramt.de\/index.php\/wp-json\/wp\/v2\/media\/9088"}],"wp:attachment":[{"href":"https:\/\/krankenhauspfarramt.de\/index.php\/wp-json\/wp\/v2\/media?parent=9087"}],"wp:term":[{"taxonomy":"category","embeddable":true,"href":"https:\/\/krankenhauspfarramt.de\/index.php\/wp-json\/wp\/v2\/categories?post=9087"},{"taxonomy":"post_tag","embeddable":true,"href":"https:\/\/krankenhauspfarramt.de\/index.php\/wp-json\/wp\/v2\/tags?post=9087"}],"curies":[{"name":"wp","href":"https:\/\/api.w.org\/{rel}","templated":true}]}}