{"id":9090,"date":"2026-03-06T11:42:43","date_gmt":"2026-03-06T11:42:43","guid":{"rendered":"https:\/\/krankenhauspfarramt.de\/index.php\/2026\/03\/06\/evangelische-kirche-fuehrt-neuen-beauftragten-fuer-seelsorge-in-der-bundespolizei-ein-ekd\/"},"modified":"2026-03-06T11:42:44","modified_gmt":"2026-03-06T11:42:44","slug":"evangelische-kirche-fuehrt-neuen-beauftragten-fuer-seelsorge-in-der-bundespolizei-ein-ekd","status":"publish","type":"post","link":"https:\/\/krankenhauspfarramt.de\/index.php\/2026\/03\/06\/evangelische-kirche-fuehrt-neuen-beauftragten-fuer-seelsorge-in-der-bundespolizei-ein-ekd\/","title":{"rendered":"Evangelische Kirche f\u00fchrt neuen Beauftragten f\u00fcr Seelsorge in der Bundespolizei ein \u2013 EKD"},"content":{"rendered":"<p> <br \/>\n<\/p>\n<div id=\"\">\n        <!-- RSPEAK_START --><\/p>\n<header class=\"large-10 columns article--header\">\n<div class=\"article--meta article--meta__border clearfix\">\n<p>                                    <time datetime=\"04.03.2026 15:00\" class=\"article--time\">04.03.2026<\/time><\/p>\n<p>                                    <strong class=\"article--type primus--overline\">News<\/strong><\/p>\n<picture class=\"article--source-image image\"><source srcset=\"https:\/\/www.ekd.de\/ekd_de\/ds_img\/assets\/20170329_epd-Quellenlogo_141.png\"><!--<source srcset=\"https:\/\/www.ekd.de\/ekd_de\/ds_img\/assets\/20170329_epd-Quellenlogo_141.png 1x, https:\/\/www.ekd.de\/ekd_de\/ds_img\/assets\/20170329_epd-Quellenlogo_141.png 2x, https:\/\/www.ekd.de\/ekd_de\/ds_img\/assets\/20170329_epd-Quellenlogo_141.png 3x\">--><\/p>\n<p>    <\/source><\/picture>\n<\/p><\/div>\n<h2 class=\"article--sub-headline primus--sub-headline\">Oldenburger Bischof Thomas Adomeit ist neuer EKD-Beauftragter f\u00fcr die Seelsorge in der Bundespolizei. Ratsvorsitzende Kirsten Fehrs w\u00fcrdigt Unterst\u00fctzung f\u00fcr Polizistinnen &amp; Polizisten.<\/h2>\n<\/header>\n<div class=\"large-8 columns large-offset-1 \">\n<p><em>Berlin (epd). Der Oldenburger Bischof Thomas Adomeit ist neuer Beauftragter der Evangelischen Kirche in Deutschland (EKD) f\u00fcr die Seelsorge in der Bundespolizei. Er wurde am Mittwoch bei einem Gottesdienst in Berlin in sein Amt eingef\u00fchrt.<\/em><\/p>\n<p>Die Ratsvorsitzende der Evangelischen Kirche in Deutschland (EKD), Kirsten Fehrs, sagte, Polizistinnen und Polizisten seien inzwischen regelm\u00e4\u00dfig mit Anfeindungen konfrontiert. Seelsorge in der Polizei bedeute, denen zur Seite zu stehen, die im wahrsten Sinne den eigenen Kopf hinhielten.<\/p>\n<p>Der neue Beauftragte Adomeit sagte: \u201eDie Uniform wird f\u00fcr manche zum Ziel.\u201c Aufgabe der Seelsorge sei es, den Menschen in dieser Situation zu helfen, wieder festen Boden unter die F\u00fc\u00dfe zu bekommen.<\/p>\n<h3>Adomeit folgt auf langj\u00e4hrigen Beauftragten Manzke<\/h3>\n<p>Adomeit folgt in dem Amt auf den fr\u00fcheren Bischof der Evangelisch-Lutherischen Landeskirche Schaumburg-Lippe, Karl-Hinrich Manzke. Er hatte das Amt seit 2011 inne und war vor gut einem Jahr in den Ruhestand verabschiedet worden.<\/p>\n<p>Der Beauftragte des Rates der EKD ist zust\u00e4ndig f\u00fcr den Bereich der Seelsorge in der Bundespolizei, zu dem bundesweit gut ein Dutzend Pfarrerinnen und Pfarrer geh\u00f6ren. Daneben gibt es Polizeiseelsorger auch auf Landesebene.<\/p>\n<\/p><\/div>\n<p>        <!-- RSPEAK_STOP --><\/p>\n<footer class=\"article--footer\">\n<\/footer><\/div>\n","protected":false},"excerpt":{"rendered":"<p>04.03.2026 News Oldenburger Bischof Thomas Adomeit ist neuer EKD-Beauftragter f\u00fcr die Seelsorge in der Bundespolizei. Ratsvorsitzende Kirsten Fehrs w\u00fcrdigt Unterst\u00fctzung<\/p>\n","protected":false},"author":2,"featured_media":9085,"comment_status":"closed","ping_status":"closed","sticky":false,"template":"","format":"standard","meta":{"footnotes":""},"categories":[20],"tags":[],"_links":{"self":[{"href":"https:\/\/krankenhauspfarramt.de\/index.php\/wp-json\/wp\/v2\/posts\/9090"}],"collection":[{"href":"https:\/\/krankenhauspfarramt.de\/index.php\/wp-json\/wp\/v2\/posts"}],"about":[{"href":"https:\/\/krankenhauspfarramt.de\/index.php\/wp-json\/wp\/v2\/types\/post"}],"author":[{"embeddable":true,"href":"https:\/\/krankenhauspfarramt.de\/index.php\/wp-json\/wp\/v2\/users\/2"}],"replies":[{"embeddable":true,"href":"https:\/\/krankenhauspfarramt.de\/index.php\/wp-json\/wp\/v2\/comments?post=9090"}],"version-history":[{"count":1,"href":"https:\/\/krankenhauspfarramt.de\/index.php\/wp-json\/wp\/v2\/posts\/9090\/revisions"}],"predecessor-version":[{"id":9091,"href":"https:\/\/krankenhauspfarramt.de\/index.php\/wp-json\/wp\/v2\/posts\/9090\/revisions\/9091"}],"wp:featuredmedia":[{"embeddable":true,"href":"https:\/\/krankenhauspfarramt.de\/index.php\/wp-json\/wp\/v2\/media\/9085"}],"wp:attachment":[{"href":"https:\/\/krankenhauspfarramt.de\/index.php\/wp-json\/wp\/v2\/media?parent=9090"}],"wp:term":[{"taxonomy":"category","embeddable":true,"href":"https:\/\/krankenhauspfarramt.de\/index.php\/wp-json\/wp\/v2\/categories?post=9090"},{"taxonomy":"post_tag","embeddable":true,"href":"https:\/\/krankenhauspfarramt.de\/index.php\/wp-json\/wp\/v2\/tags?post=9090"}],"curies":[{"name":"wp","href":"https:\/\/api.w.org\/{rel}","templated":true}]}}