{"id":9092,"date":"2026-03-06T15:43:49","date_gmt":"2026-03-06T15:43:49","guid":{"rendered":"https:\/\/krankenhauspfarramt.de\/index.php\/2026\/03\/06\/frauen-feiern-weltgebetstag-aus-nigeria-ekd\/"},"modified":"2026-03-06T15:43:50","modified_gmt":"2026-03-06T15:43:50","slug":"frauen-feiern-weltgebetstag-aus-nigeria-ekd","status":"publish","type":"post","link":"https:\/\/krankenhauspfarramt.de\/index.php\/2026\/03\/06\/frauen-feiern-weltgebetstag-aus-nigeria-ekd\/","title":{"rendered":"Frauen feiern Weltgebetstag aus Nigeria \u2013 EKD"},"content":{"rendered":"<p> <br \/>\n<\/p>\n<div id=\"\">\n<p>Frankfurt a.M.\/Stein (epd). Der Weltgebetstag der Frauen gilt als die gr\u00f6\u00dfte Basisbewegung christlicher Frauen weltweit. Der Gottesdienst f\u00fcr 2026 steht unter dem Titel \u201eKommt! Bringt eure Last\u201c und wurde von Christinnen aus Nigeria gestaltet. In diesem Jahr wird die Liturgie am 6. M\u00e4rz in zahlreichen \u00f6kumenischen Gottesdiensten gefeiert. Brunhilde Raiser findet, dass Nigeria eine naheliegende Wahl sei, wenn es um das Tragen und Teilen von Lasten geht. Die Frauen tr\u00fcgen dort auf dem Land tats\u00e4chlich Lasten auf dem Kopf, sagte die Theologin und evangelische Vorstandsvorsitzende des Weltgebetstags.<\/p>\n<p>Die Auswahl der Schwerpunktl\u00e4nder des Weltgebetstags erfolgt bei den internationalen Treffen, die alle vier bis sechs Jahre stattfinden. \u201eDie Regionen sind immer im Wechsel dran, f\u00fcr dieses Jahr war es Afrika\u201c, sagte Raiser. Allerdings sei vorhersehbar gewesen, dass es mit Nigeria nicht einfach werden wird. Die Situation habe sich in den vergangenen Monaten unter anderem durch den Einsatz der US-Armee noch einmal versch\u00e4rft. US-Streitkr\u00e4fte haben im Dezember vergangenen Jahres IS-K\u00e4mpfer im Nordwesten des Landes angegriffen, die Angriffe richten sich gegen Terroristen, die Christen ermordet haben sollen.<\/p>\n<h3>\u201eLand voller Kreativit\u00e4t\u201c<\/h3>\n<p>\u201eSicherheit ist eine der gr\u00f6\u00dften Herausforderungen in Nigeria\u201c, hob Raiser hervor. Dennoch bewahren sich viele Menschen ihre Hoffnung und ihr Vertrauen in Gott. Eine Hoffnung, die die Frauen aus dem westafrikanischen Land zum Weltgebetstag in Gebeten, Liedern und ber\u00fchrenden Lebensgeschichten teilen. \u201eEs sind Geschichten, die unter die Haut gehen, die aber auch eine gro\u00dfe Vers\u00f6hnlichkeit zeigen\u201c, f\u00fcgte Raiser hinzu. Die Liturgie mache deutlich, dass Nigeria ein lebendiges Land voller Kreativit\u00e4t ist.<\/p>\n<p>F\u00fcr viele Deutsche werde die Liturgie ungewohnt sein, betonte die Theologin. Sie sei sehr ausf\u00fchrlich, es gebe viele Wiederholungen. \u201eDie Nigerianerinnen beten sehr viel emotionaler. Ich hoffe, dass es den Teilnehmerinnen und Teilnehmern gelingt, sich in die Worte, den Klang und die Inhalte hineinzuschwingen\u201c, sagte Raiser. Deren zentraler Gedanke sei: \u201eEs wird schon werden, Gott ist da.\u201c Die Frauen in Nigeria setzten viel mehr auf Hilfe und Abhilfe durch Gott als etwa in Europa.<\/p>\n<h3>\u201eGlauben leben und erleben\u201c<\/h3>\n<p>Gerade das Andere sei aber ein wichtiges Element des Weltgebetstags: \u201eEs geht darum, das Land, das Leben und den Glauben anderer L\u00e4nder kennenzulernen, zu sehen, wie reich und unterschiedlich die M\u00f6glichkeiten sind, den Glauben zu leben und zu erleben.\u201c<\/p>\n<p>Brunhilde Raiser feierte ihren ersten Weltgebetstag 1978. Damals kam sie als Theologiestudentin in eine Kirchengemeinde, in der ihr Mann Vikar war. Dort geh\u00f6rte das Feiern des Weltgebetstags selbstverst\u00e4ndlich dazu. \u201eIch kannte mich damit \u00fcberhaupt nicht aus, sollte aber mitfeiern. Die Liturgie kam aus Thailand. Darin kam eine Prostituierte vor. Mir wurde zugeteilt, deren Rolle zu sprechen. Das war der Z\u00fcndfunke, mich f\u00fcr frauenpolitische Arbeit im kirchlichen und nichtkirchlichen Bereich zu engagieren.\u201c<\/p>\n<h3>Kraft der Gemeinschaft<\/h3>\n<p>Br\u00fccken bauen, Gerechtigkeit und Frieden seien die zentralen Gedanken des Weltgebetstags. \u201eIn dieser v\u00f6llig verschobenen geopolitischen Situation einen Gegenakzent zu setzen, das ist die St\u00e4rke des Weltgebetstags. Es liegt eine gro\u00dfe Kraft darin\u201c, sagte Raiser. Die Gemeinschaft gebe Kraft zum Widerstand und zum Durchatmen. Gemeinsam mit Frauen auf der ganzen Welt um Frieden zu beten &#8211; \u201edas ist doch eine unglaubliche Bewegung, eine unglaubliche Idee.\u201c<\/p>\n<p>Es sei eine Idee, die nicht alt wird, ist Raiser \u00fcberzeugt. Immer wieder sp\u00fcre sie: Wer den Weltgebetstag neu kennenlernt, der findet ihn spannend. Selbst dort, wo Frauen aus der Kirche austreten, feiern sie den Weltgebetstag.<\/p>\n<p>Der Weltgebetstag findet jeweils am ersten Freitag im M\u00e4rz statt. Allein in Deutschland folgen etwa 800.000 Menschen dieser Einladung. Das Deutsche Komitee des WGT unterst\u00fctzt mehr als 100 Partnerorganisationen mit Projekten f\u00fcr Frauen und M\u00e4dchen weltweit. 2025 kamen in Deutschland anl\u00e4sslich des Weltgebetstags Spenden und Kollekten in H\u00f6he von mehr als 2,2 Millionen Euro zusammen.<\/p>\n<\/div>\n","protected":false},"excerpt":{"rendered":"<p>Frankfurt a.M.\/Stein (epd). Der Weltgebetstag der Frauen gilt als die gr\u00f6\u00dfte Basisbewegung christlicher Frauen weltweit. Der Gottesdienst f\u00fcr 2026 steht<\/p>\n","protected":false},"author":2,"featured_media":9093,"comment_status":"closed","ping_status":"closed","sticky":false,"template":"","format":"standard","meta":{"footnotes":""},"categories":[20],"tags":[],"_links":{"self":[{"href":"https:\/\/krankenhauspfarramt.de\/index.php\/wp-json\/wp\/v2\/posts\/9092"}],"collection":[{"href":"https:\/\/krankenhauspfarramt.de\/index.php\/wp-json\/wp\/v2\/posts"}],"about":[{"href":"https:\/\/krankenhauspfarramt.de\/index.php\/wp-json\/wp\/v2\/types\/post"}],"author":[{"embeddable":true,"href":"https:\/\/krankenhauspfarramt.de\/index.php\/wp-json\/wp\/v2\/users\/2"}],"replies":[{"embeddable":true,"href":"https:\/\/krankenhauspfarramt.de\/index.php\/wp-json\/wp\/v2\/comments?post=9092"}],"version-history":[{"count":1,"href":"https:\/\/krankenhauspfarramt.de\/index.php\/wp-json\/wp\/v2\/posts\/9092\/revisions"}],"predecessor-version":[{"id":9094,"href":"https:\/\/krankenhauspfarramt.de\/index.php\/wp-json\/wp\/v2\/posts\/9092\/revisions\/9094"}],"wp:featuredmedia":[{"embeddable":true,"href":"https:\/\/krankenhauspfarramt.de\/index.php\/wp-json\/wp\/v2\/media\/9093"}],"wp:attachment":[{"href":"https:\/\/krankenhauspfarramt.de\/index.php\/wp-json\/wp\/v2\/media?parent=9092"}],"wp:term":[{"taxonomy":"category","embeddable":true,"href":"https:\/\/krankenhauspfarramt.de\/index.php\/wp-json\/wp\/v2\/categories?post=9092"},{"taxonomy":"post_tag","embeddable":true,"href":"https:\/\/krankenhauspfarramt.de\/index.php\/wp-json\/wp\/v2\/tags?post=9092"}],"curies":[{"name":"wp","href":"https:\/\/api.w.org\/{rel}","templated":true}]}}