{"id":9095,"date":"2026-03-09T12:03:08","date_gmt":"2026-03-09T12:03:08","guid":{"rendered":"https:\/\/krankenhauspfarramt.de\/index.php\/2026\/03\/09\/ekd-auslandsbischof-kopania-warnt-vor-wachsendem-druck-auf-christen-im-iran-ekd\/"},"modified":"2026-03-09T12:03:09","modified_gmt":"2026-03-09T12:03:09","slug":"ekd-auslandsbischof-kopania-warnt-vor-wachsendem-druck-auf-christen-im-iran-ekd","status":"publish","type":"post","link":"https:\/\/krankenhauspfarramt.de\/index.php\/2026\/03\/09\/ekd-auslandsbischof-kopania-warnt-vor-wachsendem-druck-auf-christen-im-iran-ekd\/","title":{"rendered":"EKD-Auslandsbischof Kopania warnt vor wachsendem Druck auf Christen im Iran \u2013 EKD"},"content":{"rendered":"<p> <br \/>\n<\/p>\n<div id=\"\">\n        <!-- RSPEAK_START --><\/p>\n<header class=\"large-10 columns article--header\">\n<div class=\"article--meta article--meta__border clearfix\">\n<p>                                    <time datetime=\"04.03.2026 11:00\" class=\"article--time\">04.03.2026<\/time><\/p>\n<p>                                    <strong class=\"article--type primus--overline\">News<\/strong><\/p>\n<picture class=\"article--source-image image\"><source srcset=\"https:\/\/www.ekd.de\/ekd_de\/ds_img\/assets\/20170329_epd-Quellenlogo_141.png\"><!--<source srcset=\"https:\/\/www.ekd.de\/ekd_de\/ds_img\/assets\/20170329_epd-Quellenlogo_141.png 1x, https:\/\/www.ekd.de\/ekd_de\/ds_img\/assets\/20170329_epd-Quellenlogo_141.png 2x, https:\/\/www.ekd.de\/ekd_de\/ds_img\/assets\/20170329_epd-Quellenlogo_141.png 3x\">--><\/p>\n<p>    <\/source><\/picture>\n<\/p><\/div>\n<h2 class=\"article--sub-headline primus--sub-headline\">Der evangelische Auslandsbischof ruft angesichts der milit\u00e4rischen Eskalation zwischen Iran, USA und Israel zu Deeskalation auf und sieht religi\u00f6se Minderheiten besonders gef\u00e4hrdet.<\/h2>\n<\/header>\n<div class=\"large-8 columns large-offset-1 \">\n<p><em>Der evangelische Auslandsbischof Frank Kopania sieht religi\u00f6se Minderheiten im Iran durch die aktuelle milit\u00e4rische Eskalation besonders gef\u00e4hrdet. Christliche Gruppen mit internationalen Kontakten k\u00f6nnten schnell unter Generalverdacht geraten.<\/em><\/p>\n<p>Hannover (epd-Gespr\u00e4ch). Der Auslandsbischof der Evangelischen Kirche in Deutschland (EKD), Frank Kopania, hat seine Sorge \u00fcber die Situation der Christen und anderer religi\u00f6ser Minderheiten im neuen Iran-Krieg ge\u00e4u\u00dfert. \u201eChristliche Gruppen mit internationalen Kontakten geraten leicht in Generalverdacht einer N\u00e4he zu au\u00dfenpolitischen Feinden\u201c, sagte der Leiter der Abteilung \u00d6kumene und Auslandsarbeit im Kirchenamt der EKD. Der Schutz der Zivilbev\u00f6lkerung, Deeskalation und das Suchen politischer L\u00f6sungen sei das Gebot der Stunde.<\/p>\n<h3>Religi\u00f6se Minderheiten besonders verletzlich<\/h3>\n<p><strong>epd:<\/strong> Wie wirkt sich der aktuelle Konflikt mit den USA und Israel konkret auf den Alltag von Christinnen und Christen im Iran aus?<\/p>\n<p><strong>Auslandsbischof Frank Kopania:<\/strong> Religi\u00f6se Minderheiten, darunter auch Christinnen und Christen, befinden sich im Iran seit Jahren in einer vulnerablen Lage. In Zeiten au\u00dfenpolitischer Eskalation nehmen staatliche Kontrolle und sicherheitsbezogene Ma\u00dfnahmen erfahrungsgem\u00e4\u00df f\u00fcr die ganze Bev\u00f6lkerung zu &#8211; und f\u00fcr Minderheiten in besonderem Ma\u00dfe. Gerade in dieser Situation sind famili\u00e4re und nachbarschaftliche Netzwerke besonders wichtig. Auch im Umfeld der Evangelischen Gemeinde deutscher Sprache in Teheran steht die gegenseitige Unterst\u00fctzung im Vordergrund, unabh\u00e4ngig von politischer oder religi\u00f6ser \u00dcberzeugung.<\/p>\n<h3>Gefahr wachsender Repression<\/h3>\n<p><strong>epd:<\/strong> Inwiefern werden insbesondere Konvertiten und evangelikale Christen nach den j\u00fcngsten Milit\u00e4rschl\u00e4gen noch st\u00e4rker als \u201eSicherheitsrisiko\u201c oder gar als \u201eSpione des Westens\u201c stigmatisiert?<\/p>\n<p><strong>Kopania:<\/strong> Auch wenn das Christentum im Iran eine offiziell anerkannte Religion ist, steht Konversion vom Islam unter Strafe. Christliche Gruppen mit internationalen Kontakten geraten leicht in Generalverdacht einer N\u00e4he zu au\u00dfenpolitischen Feinden. In Phasen internationaler Zuspitzung besteht die Gefahr, dass solche Narrative an Sch\u00e4rfe gewinnen und Institutionen sowie Personen verst\u00e4rkt zu Zielscheiben staatlicher Repression werden.<\/p>\n<\/p><\/div>\n<section class=\"large-12 columns article--section article--aside__bottom\">\n    <!-- Test for teaser --><br \/>\n    <!--Val: 1 --><\/p>\n<p>                    \t    <!-- SRC:  --><\/p>\n<aside class=\"article--aside quintus teaser teaser__related rs_skip rs_preserve\">\n<div class=\"teaser--article teaser--content\">\n<figure class=\"teaser--image\">\n                                                    <picture><source media=\"(max-width:935px)\" srcset=\"https:\/\/www.ekd.de\/ekd_de\/ds_img\/assets_1875_x\/iStock-1150769839-Beten_nahost_1875x1056_rdax_625x352_60s.jpg 1x, https:\/\/www.ekd.de\/ekd_de\/ds_img\/assets_1875_x\/iStock-1150769839-Beten_nahost_1875x1056_rdax_1250x704_60s.jpg 2x, https:\/\/www.ekd.de\/ekd_de\/ds_img\/assets_1875_x\/iStock-1150769839-Beten_nahost_1875x1056_rdax_60s.jpg 3x\"><source media=\"(min-width:934px)\" srcset=\"https:\/\/www.ekd.de\/ekd_de\/ds_img\/assets_1875_x\/iStock-1150769839-Beten_nahost_1875x1056_rdax_360x203_70s.jpg 1x, https:\/\/www.ekd.de\/ekd_de\/ds_img\/assets_1875_x\/iStock-1150769839-Beten_nahost_1875x1056_rdax_720x406_70s.jpg 2x, https:\/\/www.ekd.de\/ekd_de\/ds_img\/assets_1875_x\/iStock-1150769839-Beten_nahost_1875x1056_rdax_1080x608_70s.jpg 3x\"><img decoding=\"async\" src=\"https:\/\/www.ekd.de\/ekd_de\/ds_img\/assets_1875_x\/iStock-1150769839-Beten_nahost_1875x1056_rdax_625x352_60s.jpg\" alt=\"Betende Mensch im Kreis (Symbolbild: Frieden in Nahost)\"\/><br \/>\n                                                    <\/source><\/source><\/picture><figcaption\/>\n                                                <\/figure>\n<p class=\"quintus--text teaser--text\">Die Lage im Nahen Osten bleibt dramatisch: Nach den Terrorangriffen der Hamas auf Israel am 7. Oktober 2023 und der folgenden milit\u00e4rischen Offensive Israels im Gazastreifen hat sich der Konflikt weiter versch\u00e4rft. Die EKD steht in enger Verbundenheit mit dem j\u00fcdischen Volk und ist zugleich Partnerin der pal\u00e4stinensischen Kirchen im Land der Bibel.<\/p>\n<\/p><\/div>\n<\/aside>\n<div class=\"article--content\">\n<h3>Appell zur Deeskalation<\/h3>\n<p><strong>epd:<\/strong> Was erwarten die Kirchen jetzt konkret von westlichen Regierungen?<\/p>\n<p><strong>Kopania:<\/strong> Angesichts der j\u00fcngsten gegenseitigen Angriffe rufen wir eindringlich dazu auf, die Gewaltspirale aus Schlag und Gegenschlag zu durchbrechen. Der Schutz der Zivilbev\u00f6lkerung, Deeskalation und das Suchen politischer L\u00f6sungen ist das Gebot der Stunde.<\/p>\n<\/p><\/div>\n<\/section>\n<p>        <!-- RSPEAK_STOP --><\/p>\n<footer class=\"article--footer\">\n<div class=\"profile article--profile large-6 large-offset-2 columns\" data-shown=\"\">\n<p class=\"profile--type\">Autor\/In:<\/p>\n<figure class=\"teaser--image image__center\">\n                            <picture><source srcset=\"https:\/\/www.ekd.de\/ekd_de\/ds_img\/assets_777_x\/Kopania_Frank_EKD_777_250623_rdax_110x110s.jpg 1x, https:\/\/www.ekd.de\/ekd_de\/ds_img\/assets_777_x\/Kopania_Frank_EKD_777_250623_rdax_220x220s.jpg 2x, https:\/\/www.ekd.de\/ekd_de\/ds_img\/assets_777_x\/Kopania_Frank_EKD_777_250623_rdax_330x330s.jpg 3x\"><img decoding=\"async\" src=\"https:\/\/www.ekd.de\/ekd_de\/ds_img\/assets_777_x\/Kopania_Frank_EKD_777_250623_rdax_110x110s.jpg\" class=\"profile--image article--profile-image\" alt=\"Frank Kopania\" title=\"Frank Kopania\"\/><br \/>\n                            <\/source><\/picture>\n<\/figure>\n<p>\n                      Frank Kopania<br \/>Vizepr\u00e4sident des Kirchenamtes der EKD, Leiter der Abteilung 7 \u00d6kumene und Auslandsarbeit, Amtsleiter der UEK<br \/>Evangelische Kirche in Deutschland (EKD)\n                    <\/p>\n<\/p><\/div>\n<\/footer><\/div>\n","protected":false},"excerpt":{"rendered":"<p>04.03.2026 News Der evangelische Auslandsbischof ruft angesichts der milit\u00e4rischen Eskalation zwischen Iran, USA und Israel zu Deeskalation auf und sieht<\/p>\n","protected":false},"author":2,"featured_media":8584,"comment_status":"closed","ping_status":"closed","sticky":false,"template":"","format":"standard","meta":{"footnotes":""},"categories":[20],"tags":[],"_links":{"self":[{"href":"https:\/\/krankenhauspfarramt.de\/index.php\/wp-json\/wp\/v2\/posts\/9095"}],"collection":[{"href":"https:\/\/krankenhauspfarramt.de\/index.php\/wp-json\/wp\/v2\/posts"}],"about":[{"href":"https:\/\/krankenhauspfarramt.de\/index.php\/wp-json\/wp\/v2\/types\/post"}],"author":[{"embeddable":true,"href":"https:\/\/krankenhauspfarramt.de\/index.php\/wp-json\/wp\/v2\/users\/2"}],"replies":[{"embeddable":true,"href":"https:\/\/krankenhauspfarramt.de\/index.php\/wp-json\/wp\/v2\/comments?post=9095"}],"version-history":[{"count":1,"href":"https:\/\/krankenhauspfarramt.de\/index.php\/wp-json\/wp\/v2\/posts\/9095\/revisions"}],"predecessor-version":[{"id":9096,"href":"https:\/\/krankenhauspfarramt.de\/index.php\/wp-json\/wp\/v2\/posts\/9095\/revisions\/9096"}],"wp:featuredmedia":[{"embeddable":true,"href":"https:\/\/krankenhauspfarramt.de\/index.php\/wp-json\/wp\/v2\/media\/8584"}],"wp:attachment":[{"href":"https:\/\/krankenhauspfarramt.de\/index.php\/wp-json\/wp\/v2\/media?parent=9095"}],"wp:term":[{"taxonomy":"category","embeddable":true,"href":"https:\/\/krankenhauspfarramt.de\/index.php\/wp-json\/wp\/v2\/categories?post=9095"},{"taxonomy":"post_tag","embeddable":true,"href":"https:\/\/krankenhauspfarramt.de\/index.php\/wp-json\/wp\/v2\/tags?post=9095"}],"curies":[{"name":"wp","href":"https:\/\/api.w.org\/{rel}","templated":true}]}}