{"id":9097,"date":"2026-03-09T16:04:07","date_gmt":"2026-03-09T16:04:07","guid":{"rendered":"https:\/\/krankenhauspfarramt.de\/index.php\/2026\/03\/09\/churches-online-in-times-of-corona-ekd\/"},"modified":"2026-03-09T16:04:09","modified_gmt":"2026-03-09T16:04:09","slug":"churches-online-in-times-of-corona-ekd","status":"publish","type":"post","link":"https:\/\/krankenhauspfarramt.de\/index.php\/2026\/03\/09\/churches-online-in-times-of-corona-ekd\/","title":{"rendered":"Churches Online in Times of Corona \u2013 EKD"},"content":{"rendered":"<p> <br \/>\n<\/p>\n<div id=\"\">\n<p>Wie sind die Kirchen in der Corona-Krise digital pr\u00e4sent? Welche Perspektiven er\u00f6ffnet\u00a0das f\u00fcr die Zukunft? Um diese Fragen zu beantworten, hat sich der\u00a0\u00f6kumenische\u00a0und internationale Forschungsverbund CONTOC (Churches\u00a0Online in Times\u00a0of\u00a0Corona) gebildet.\u00a0\u202fInsbesondere die Handlungsfelder Gottesdienst, Seelsorge, Bildung, Diakonie und Kommunikation werden in der Befragung in den Blick genommen. Dar\u00fcber hinaus wird in pastoraltheologischer Hinsicht nach den Erfahrungen, Einsch\u00e4tzungen und m\u00f6glichen Konsequenzen pastoraler Praxis und des Selbstverst\u00e4ndnisses der Menschen in kirchlichen\u00a0\u00c4mtern\u00a0gefragt. Dies verbindet sich mit Perspektivfragen f\u00fcr die zuk\u00fcnftigen Unterst\u00fctzungsnotwendigkeiten im Bereich von pastoraler\u00a0\u201edigital literacy\u201c. Zum anderen will das CONTOC-Team ergr\u00fcnden, was man aus den neuen Formen der pastoralen Arbeit f\u00fcr die n\u00e4here Zukunft lernen kann, ob diese Angebote\u00a0wom\u00f6glich weiterbestehen, wenn sich die epidemiologische Situation\u00a0\u00e4ndert und eine R\u00fcckkehr zu einem normalen Gemeindeleben m\u00f6glich erscheint. Im Verbund CONTOC kooperieren Wissenschaftlerinnen und Wissenschaftler aus der evangelischen und katholischen Theologie mehrerer Forschungsinstitute in Deutschland und der Schweiz. Eingebunden sind au\u00dferdem Kooperationspartner\/innen aus Universit\u00e4ten und Kirchen in rund 20 weiteren L\u00e4ndern auf allen f\u00fcnf Kontinenten.<\/p>\n<p>Das Projekt wurde mit 12.000 Euro vom Digitalinnovationsfonds gef\u00f6rdert.\u00a0<\/p>\n<p>Hier geht es zur Website!<\/p>\n<\/div>\n<div id=\"\">\n    <!-- Test for teaser --><br \/>\n    <!--Val: 1 --><\/p>\n<p>                    \t    <!-- SRC:  --><\/p>\n<aside class=\"article--aside quintus teaser teaser__related rs_skip rs_preserve\">\n<div class=\"teaser--article teaser--content\">\n<figure class=\"teaser--image\">\n                                                    <picture><source media=\"(max-width:935px)\" srcset=\"https:\/\/www.ekd.de\/ekd_de\/ds_img\/assets_2835_x\/Website%20gro%c3%9f%20(5)_rdax_945x532.png 1x, https:\/\/www.ekd.de\/ekd_de\/ds_img\/assets_2835_x\/Website%20gro%c3%9f%20(5)_rdax_1890x1064.png 2x, https:\/\/www.ekd.de\/ekd_de\/ds_img\/assets_2835_x\/Website%20gro%c3%9f%20(5).png 3x\"><source media=\"(min-width:934px)\" srcset=\"https:\/\/www.ekd.de\/ekd_de\/ds_img\/assets_2835_x\/Website%20gro%c3%9f%20(5)_rdax_945x532.png 1x, https:\/\/www.ekd.de\/ekd_de\/ds_img\/assets_2835_x\/Website%20gro%c3%9f%20(5)_rdax_1890x1064.png 2x, https:\/\/www.ekd.de\/ekd_de\/ds_img\/assets_2835_x\/Website%20gro%c3%9f%20(5).png 3x\"><\/source><\/source><\/picture><figcaption\/>\n                                                <\/figure>\n<p class=\"quintus--text teaser--text\">Das Forschungsprojekt Contoc ist ein internationales, \u00f6kumenisches Forschungsprojekt, welches sich mit der digitalen Pr\u00e4senz der Kirchen unter den Bedingungen der COVID-19-Pandemie besch\u00e4ftigt.<\/p>\n<\/p><\/div>\n<\/aside>\n<div class=\"article--content\">\n<p>Das Forschungsprojekt Contoc ist ein internationales, \u00f6kumenisches Forschungsprojekt, welches sich mit der digitalen Pr\u00e4senz der Kirchen unter den Bedingungen der COVID-19-Pandemie besch\u00e4ftigt. Es ist eine Kooperation von Prof. Dr. Thomas Schlag und Dr. Sabrina M\u00fcller von der Universit\u00e4t Z\u00fcrich, Prof. Dr. Ilona Nord von der Universit\u00e4t W\u00fcrzburg, Dr. Arnd B\u00fcnker vom Schweizerisches Pastoralsoziologisches Institut, Prof. Dr. Wolfgang Beck von Phil.-Theol. Hochschule Sankt Georgen und Prof. Dr. Georg L\u00e4mmlein vom Sozialwissenschaftlichen Institut der EKD.<\/p>\n<\/p><\/div>\n<\/div>\n","protected":false},"excerpt":{"rendered":"<p>Wie sind die Kirchen in der Corona-Krise digital pr\u00e4sent? Welche Perspektiven er\u00f6ffnet\u00a0das f\u00fcr die Zukunft? Um diese Fragen zu beantworten,<\/p>\n","protected":false},"author":2,"featured_media":9098,"comment_status":"closed","ping_status":"closed","sticky":false,"template":"","format":"standard","meta":{"footnotes":""},"categories":[20],"tags":[],"_links":{"self":[{"href":"https:\/\/krankenhauspfarramt.de\/index.php\/wp-json\/wp\/v2\/posts\/9097"}],"collection":[{"href":"https:\/\/krankenhauspfarramt.de\/index.php\/wp-json\/wp\/v2\/posts"}],"about":[{"href":"https:\/\/krankenhauspfarramt.de\/index.php\/wp-json\/wp\/v2\/types\/post"}],"author":[{"embeddable":true,"href":"https:\/\/krankenhauspfarramt.de\/index.php\/wp-json\/wp\/v2\/users\/2"}],"replies":[{"embeddable":true,"href":"https:\/\/krankenhauspfarramt.de\/index.php\/wp-json\/wp\/v2\/comments?post=9097"}],"version-history":[{"count":1,"href":"https:\/\/krankenhauspfarramt.de\/index.php\/wp-json\/wp\/v2\/posts\/9097\/revisions"}],"predecessor-version":[{"id":9099,"href":"https:\/\/krankenhauspfarramt.de\/index.php\/wp-json\/wp\/v2\/posts\/9097\/revisions\/9099"}],"wp:featuredmedia":[{"embeddable":true,"href":"https:\/\/krankenhauspfarramt.de\/index.php\/wp-json\/wp\/v2\/media\/9098"}],"wp:attachment":[{"href":"https:\/\/krankenhauspfarramt.de\/index.php\/wp-json\/wp\/v2\/media?parent=9097"}],"wp:term":[{"taxonomy":"category","embeddable":true,"href":"https:\/\/krankenhauspfarramt.de\/index.php\/wp-json\/wp\/v2\/categories?post=9097"},{"taxonomy":"post_tag","embeddable":true,"href":"https:\/\/krankenhauspfarramt.de\/index.php\/wp-json\/wp\/v2\/tags?post=9097"}],"curies":[{"name":"wp","href":"https:\/\/api.w.org\/{rel}","templated":true}]}}