{"id":9100,"date":"2026-03-11T16:18:28","date_gmt":"2026-03-11T16:18:28","guid":{"rendered":"https:\/\/krankenhauspfarramt.de\/index.php\/2026\/03\/11\/rede-im-gottesdienst-zum-wechsel-des-beauftragten-fuer-die-evangelische-seelsorge-in-der-bundespolizei-ekd\/"},"modified":"2026-03-11T16:18:30","modified_gmt":"2026-03-11T16:18:30","slug":"rede-im-gottesdienst-zum-wechsel-des-beauftragten-fuer-die-evangelische-seelsorge-in-der-bundespolizei-ekd","status":"publish","type":"post","link":"https:\/\/krankenhauspfarramt.de\/index.php\/2026\/03\/11\/rede-im-gottesdienst-zum-wechsel-des-beauftragten-fuer-die-evangelische-seelsorge-in-der-bundespolizei-ekd\/","title":{"rendered":"Rede im Gottesdienst zum Wechsel des Beauftragten f\u00fcr die evangelische Seelsorge in der Bundespolizei \u2013 EKD"},"content":{"rendered":"<p> <br \/>\n<\/p>\n<div>\n<h3>Wortlaut der Rede<\/h3>\n<p>Sehr geehrter Herr Staatssekret\u00e4r de Vries, liebe Beamtinnen und Beamte der Bundespolizei, und hier vor allem: liebe Geschwister!<\/p>\n<p>Mit Respekt und Freude stehe ich hier \u2013 sowohl im Blick auf den scheidenden als auch kommenden EKD-Beauftragten f\u00fcr die Seelsorge in der Bundespolizei, lieber Karl-Hinrich und lieber Thomas. Mit Respekt und Freude, aber auch im Blick auf Sie alle, die Sie einen so wichtigen Dienst f\u00fcr unser Land und den Zusammenhalt leisten und dabei bisweilen buchst\u00e4blich Ihre Haut zu Markte tragen. Und deshalb \u2013 gestatten Sie mir dazu gleich eine eigene Impression: deshalb ist es mir an die Herzhaut gegangen, als Sie, lieber Herr Dr. Roman, mir bei meinem Besuch in der Bundespolizeidirektion mit ergriffener Anteilnahme den Gedenkort f\u00fcr im Dienst verungl\u00fcckte und get\u00f6tete Polizistinnen und Polizisten zeigten. Viele sind es \u00fcber die Jahrzehnte, zu viele. Junge, \u00e4ltere, hochmotivierte, engagierte und erfahrene Frauen und M\u00e4nner, die den Beruf ergriffen haben \u2013 oder ist es nicht viel mehr Berufung? \u2013, um die Freiheit unseres Landes zu sch\u00fctzen und die Welt auf ihre Weise zu einem besseren, friedlicheren Ort zu machen. Wie sie den Frieden braucht, diese verwundete Welt, in diesen Tagen!<\/p>\n<p>Es ist diese Haltung, f\u00fcr andere da zu sein mit Herz, Mut und Verstand, dieser Gemeinsinn und der klare Wille, unsere demokratische Grundordnung zu erhalten, was uns zutiefst verbindet. Und genau deshalb ist der Rat der Evangelischen Kirche in Deutschland dankbar f\u00fcr das Privileg, besondere Beauftragungen zu vergeben \u2013 allemal f\u00fcr die Seelsorge in der Bundespolizei.<\/p>\n<p>Mit Landesbischof i. R. Karl Hinrich Manzke hatten Sie, wenn ich das ein wenig salopp zusammenfassen darf, einen Hauptgewinn. Hochengagiert. Menschenfreundlich. Pastor durch und durch. \u00dcberzeugt von der Sinnhaftigkeit gerade dieser besonderen Seelsorge. Und \u00fcberzeugend gegen\u00fcber Dritten, in Kirche, vor allem aber in Gesellschaft, wenn es gilt, die Polizistinnen und Polizisten im Bundesdienst zu w\u00fcrdigen. Und im Besonderen die Aufgabe der Seelsorgerinnen und Seelsorger zu st\u00e4rken.<\/p>\n<p>Denn Seelsorge bedeutet ja, immer den Menschen mit den Augen Gottes zu betrachten. Nicht nur die Uniform zu sehen, sondern den Menschen. Das ist unser Menschenbild. Den einzelnen Menschen in seiner W\u00fcrde zu achten, seine Gef\u00fchle zu respektieren, seinen Sorgen ein waches Ohr zu leihen. Seelsorge ist nicht weniger als eine Profession. F\u00fcr Sie, die Sie Ihrerseits hochprofessionell und gewandt t\u00e4glich Ihre Aufgaben erf\u00fcllen. Und die Sie ja auch ein privates Leben leben, das man eben manchmal nicht so leicht abgrenzen kann vom Dienst. Im Gegenteil \u2013 ich stelle mir vor, dass die zunehmenden Belastungen durchaus mit dem eigenen Herz ins Haus und in die Familie kommen, auch wenn man es nicht m\u00f6chte.<\/p>\n<p>Seelsorgerinnen und Seelsorger sind genau dann da. An Ihrer Seite, um zu st\u00e4rken und zu begleiten. Das braucht gar nicht immer so viele Worte. Nicht selten fehlen sie einem sogar. Es liegt auch W\u00fcrde darin, Dinge unbeschreiblich bleiben zu lassen. Genau deshalb bedeutet Seelsorge manchmal einfach nur mit \u201eaushalten\u201c. Schweigen. F\u00fcr den anderen beten. Und dann bedeutet es nat\u00fcrlich Kraft zu geben und Zuversicht. Und Gottes Zusage ins Leben zu bringen: Ich bin bei euch alle Tage bis an der Welt Ende. Seelsorge hei\u00dft, ohne Ende einen Raum der Vertraulichkeit zu halten, in dem offen gesprochen werden kann. Und nat\u00fcrlich ethische Orientierung zu bieten bei allem, was einen im Polizeiberuf umtreiben kann \u2013 weil es eben oft genug keine leichten L\u00f6sungen, sondern etliche Gewissenskonflikte gibt.<\/p>\n<p>Als Beauftragter der EKD f\u00fcr die Evangelische Seelsorge in der Bundespolizei, lieber Karl-Hinrich Manzke,<strong> <\/strong>hast Du viele Jahre dar\u00fcber gewacht, dass wir dieser Aufgabe als Kirche in der Zusammenarbeit mit den seelsorgenden Pfarrerinnen und Pfarrer nachkommen. Als aufsuchende Seelsorge f\u00fcr die mit dem geraden R\u00fccken. Und das hast Du gro\u00dfartig gemacht. Du hast vorgelebt, wie elementar wichtig es ist, als Kirche ein verl\u00e4sslicher Gespr\u00e4chspartner zu sein \u2013 insbesondere nach krisenhaften Eins\u00e4tzen, die ja bisweilen sehr tiefe Spuren in Menschen und Seelen hinterlassen. Mit klaren Worten hast Du deutlich gemacht, wie wichtig und stabilisierend die Polizei f\u00fcr unsere Gesellschaft ist, nicht zuletzt weil sie f\u00fcr unsere freiheitlichen Rechte einsteht. Gerade in ungewissen Zeiten wie diesen, in denen unsere Demokratie unter Druck geraten ist durch Angriffe, die wir alle miteinander nicht tolerieren k\u00f6nnen und d\u00fcrfen.<\/p>\n<p>Dass gesamtgesellschaftlich \u2013 und gewiss auch kirchlich- das Bewusstsein daf\u00fcr gewachsen ist, was f\u00fcr einen bedeutsamen Dienst die Beamtinnen und Beamten als staatliche Ordnungskr\u00e4fte leisten, ist die eine Seite. Dass sie andererseits auch zunehmend aggressiven Angriffen ausgesetzt sind, ist eine Entwicklung, der wir uns gemeinsam entgegenstellen m\u00fcssen. Umso mehr lag Dir \u2013 und liegt uns in der EKD daran \u2013 darauf hinzuweisen, wie sehr Sie als einzelne Menschen immer wieder physischer und psychischer Bedr\u00e4ngnis ausgesetzt sind und wieviel Verantwortung Sie tragen.<\/p>\n<p>F\u00fcr Deinen unerm\u00fcdlichen Einsatz danke ich dir von Herzen. Danke f\u00fcr alle Kraft, Liebe und Besonnenheit. So verabschieden wir Dich in gro\u00dfer Anerkennung von dem Amt als Beauftragter f\u00fcr die evangelische Seelsorge in der Bundespolizei. Du bist nun frei von allen damit verbundenen Aufgaben und Pflichten. Als Zeichen daf\u00fcr reichen wir uns die Hand.<\/p>\n<p>\u00a0<\/p>\n<p><strong>Gebet<\/strong><\/p>\n<p>Lasst uns beten: Treuer Gott, du schenkst deiner Kirche viele Begabungen und weckst in uns die Bereitschaft, dir und einander zu dienen.<\/p>\n<p>Wir danken dir, dass du durch Karl-Hinrich Manzke so segensreich unter uns gewirkt hast. Nun bitten wir dich f\u00fcr seine Familie und ihn: Begleite sie auf ihrem Weg in die Zukunft. Denn du hast uns zugesagt: Ich bin bei euch alle Tage bis die Erde endet. Amen<\/p>\n<p>\u00a0<\/p>\n<p><strong>Segen<\/strong><\/p>\n<p>Gott segne deinen Blick zur\u00fcck und deinen Schritt nach vorn.<\/p>\n<p>Er lasse durch die Erfahrungen an diesem Ort dein Vertrauen wachsen und st\u00e4rke deine Kraft f\u00fcr alles, was kommt. Bleib Gott befohlen auf all deinen Wegen, lieber Karl. So bleib beh\u00fctet &#8211; bleib sehns\u00fcchtig. Amen.<\/p>\n<p>\u00a0<\/p>\n<p><strong>Musik: I did it my way<\/strong><\/p>\n<p>Und nun, liebe Festgemeinde, ist es mir eine Ehre, Landesbischof Thomas Adomeit als den neuen Beauftragten f\u00fcr die evangelische Seelsorge in der Bundespolizei einzuf\u00fchren. Und &#8211; was soll ich sagen? Noch ein Hauptgewinn! Hochengagiert. Menschenfreundlich. Klug. Lebensnah. Ein \u00fcberzeugter und \u00fcberzeugender Seelsorger in allen Lebenslagen. Und der Bundespolizei und ihrer Seelsorge in den vergangenen Monaten bereits eng verbunden.<\/p>\n<p><span dir=\"ltr\" lang=\"EN-GB\">I do it my way\u2026 <\/span>So, lieber Thomas, \u00fcbernimmst Du nun also den Staffelstab mit dem Dir eigenen Profil. Ich bin von Herzen froh. Einen besseren als Dich h\u00e4tten wir in der EKD wahrlich nicht finden k\u00f6nnen: ein so verl\u00e4sslicher Kollege, feinsinniger Bischof und herzlich zugewandter Mensch.<\/p>\n<p>Deine Aufgaben und Pflichten nun richten sich auf die Zukunft. Das bedeutet, immer wieder nachzufragen: Was braucht die Bundespolizei von uns?<\/p>\n<p>Liebe Beamtinnen und Beamten der Bundespolizei: Was brauchen Sie von uns? Jetzt und in Zukunft?<\/p>\n<p>Ich vermute: Um weiterhin verl\u00e4ssliche Gespr\u00e4chspartner zu sein, ist wichtig, dass wir pr\u00e4sent sind. Mit Herz, Mut und Verstand. Und dem offenen Ohr. Jede Beamtin und jeder Beamte muss wissen, dass es uns gibt und wo wir sind. Sie m\u00fcssen wissen, dass jemand hinh\u00f6rt. Und dass jemand ihre Anstrengung, Anspannung, ihre Tr\u00e4ume und ihre Gewissenskonflikte kennt. Und Ihre \u00c4ngste nat\u00fcrlich auch. Sie m\u00fcssen wissen, dass sie nicht allein sind. Gott ist da. Wir sind da.<\/p>\n<p>Und Du, lieber Thomas, bist da. Sowas von. Du wei\u00dft, was es hei\u00dft Pr\u00e4senz zu zeigen. H\u00e4nde zu reichen. Aufrichtig Wertsch\u00e4tzung zu vermitteln. Ja, W\u00fcrdigung ist Dein Leitungsprinzip, das strahlst du aus. Du bist der geborene Verst\u00e4ndigungsmensch. Einer, der die Interessen der einen zu den anderen tr\u00e4gt und miteinander verbindet. Der das gemeinsame Ziel sucht. In diesem Sinne verbindendes Scharnier zu sein, ist eines deiner gro\u00dfen Talente. Wie wichtig ist dies bei dieser Seelsorge: Dass EKD und Bundespolizei voneinander wissen, aneinander Anteil nehmen, Einsch\u00e4tzungen gewinnen. Und dass die Beamtinnen und Beamten gest\u00e4rkt und begleitet werden in aufrichtiger Solidarit\u00e4t \u2013 und das mag ja bisweilen kritische Solidarit\u00e4t bedeuten.<\/p>\n<p>Zu Deiner Einf\u00fchrung in das Bischofsamt sagtest Du: \u201eWir werden die Welt nicht heil machen k\u00f6nnen, aber wir k\u00f6nnen schon jetzt Gottes Segen weitergeben.\u201c Unsere Polizistinnen und Polizisten wissen in ihrem Arbeitsalltag nur zu gut von einer unheilen \u2013 manchmal unheilvollen \u2013 Welt. Deshalb m\u00f6chte ich Dir schon jetzt daf\u00fcr danken, dass Du bereit bist, Gottes Segen in der Evangelischen Seelsorge f\u00fcr die Bundespolizei weiterzureichen. Gro\u00dfz\u00fcgig, wie es Deine Art ist. Denn Segen wird dringend ben\u00f6tigt; Gottesdienste, Gebete, sichtbare Zeichen der Liebe Gottes. Menschlichkeit, die den Hassrednern die Stirn bietet. Segen als Lebenskraft. Resilienz. Als Back-Up. Gegen die Angst. Als Ermutigung und R\u00fcckgrat \u2013 auch f\u00fcr die Polizeiseelsorgerinnen und Seelsorger, denen ich an dieser Stelle f\u00fcr ihren Dienst von Herzen danke. Segen \u2013 er tr\u00e4gt vor dem Einsatz, nicht nur danach. Wie ein Reisesegen f\u00fcr unw\u00e4gsames Gel\u00e4nde. Damit alle ihren Job gut machen und beh\u00fctet sind. Dass alle heil zur\u00fcckkommen.<\/p>\n<p>Lieber Thomas, f\u00fcr Deine neue Aufgabe als Beauftragter des EKD-Rates f\u00fcr die Evangelische Seelsorge in der Bundespolizei w\u00fcnsche ich Dir Aufmerksamkeit, Kraft und Klarheit. Sei furchtlos und herzlich. Also, sei einfach Du selbst.<\/p>\n<p>Gottes reicher Segen nun geleite auch dich. Mit einem der \u00e4ltesten Bibelworte, das dich der Zukunft entgegen senden m\u00f6ge. Es steht im 4. Buch Mose und klingt am sch\u00f6nsten in unserer Herzenssprache des Nordens:<\/p>\n<p>De Herr segen di und hool sien Hannen \u00f6ver di.<\/p>\n<p>De Herr seh di fr\u00fcndli an<\/p>\n<p><span dir=\"ltr\" lang=\"NL\">Und wees di gn\u00e4di.<\/span><\/p>\n<p><span dir=\"ltr\" lang=\"NL\">De Herr loot sien Oogen<\/span><\/p>\n<p><span dir=\"ltr\" lang=\"IT\">in Leevde oo di rohn und geev di Freeden.<\/span><\/p>\n<p>Amen.<\/p>\n<p>\u00a0<\/p>\n<p><strong>Bittlied um den heiligen Geist<\/strong><\/p>\n<p><strong>Lesungen zur \u00dcbernahme einer Beauftragung &#8211; Mt 28, 18b-20 und Jer 9, 22f <\/strong><\/p>\n<p>Lieber Bruder Thomas Adomeit, bist du bereit, den Dienst als Beauftragter f\u00fcr die evangelische Seelsorge in der Bundespolizei zu \u00fcbernehmen und bist du bereit, die Menschen, die dir in deinem Dienst anvertraut sind, zu begleiten, zu unterst\u00fctzen, zu f\u00f6rdern \u2013 so bezeuge es vor Gott und dieser Gemeinde mit deinem Ja.<\/p>\n<p>Ebenso frage ich euch, liebe Beamtinnen und Beamten, liebe Seelsorgerinnen und Seelsorger, wollt ihr Thomas Adomeit unterst\u00fctzen und ermutigen und versprecht ihr, mit ihm zusammen Gott und den Menschen zu dienen, so antwortet: Ja, mit Gottes Hilfe.<\/p>\n<p>Lieber Bruder Thomas Adomeit, im Gehorsam gegen den Auftrag, den der Herr seiner Kirche gegeben hat, und im Vertrauen auf seine Verhei\u00dfung f\u00fchren wir dich ein als Beauftragter f\u00fcr die evangelische Seelsorge in der Bundespolizei. Tu deinen Dienst im Vertrauen auf Gott, der bei uns ist an allen Tagen unseres Lebens.<\/p>\n<p>\u00a0<\/p>\n<p><strong>Wir beten: <\/strong>Gott, du leitest deine Kirche durch dein Wort. Wir bitten dich: St\u00e4rke Thomas Adomeit mit den Gaben deines Geistes. Gib ihm Kraft und Mut bei allen Herausforderungen, die in seinem Dienst auf ihn zukommen. Begleite auch Petra und seine Familie. Gib ihm Menschen an die Seite, die ihn ermutigen und unterst\u00fctzen. Dies bitten wir dich im Namen deines Sohnes Jesus Christus. Amen<\/p>\n<\/p><\/div>\n","protected":false},"excerpt":{"rendered":"<p>Wortlaut der Rede Sehr geehrter Herr Staatssekret\u00e4r de Vries, liebe Beamtinnen und Beamte der Bundespolizei, und hier vor allem: liebe<\/p>\n","protected":false},"author":2,"featured_media":9101,"comment_status":"closed","ping_status":"closed","sticky":false,"template":"","format":"standard","meta":{"footnotes":""},"categories":[20],"tags":[],"_links":{"self":[{"href":"https:\/\/krankenhauspfarramt.de\/index.php\/wp-json\/wp\/v2\/posts\/9100"}],"collection":[{"href":"https:\/\/krankenhauspfarramt.de\/index.php\/wp-json\/wp\/v2\/posts"}],"about":[{"href":"https:\/\/krankenhauspfarramt.de\/index.php\/wp-json\/wp\/v2\/types\/post"}],"author":[{"embeddable":true,"href":"https:\/\/krankenhauspfarramt.de\/index.php\/wp-json\/wp\/v2\/users\/2"}],"replies":[{"embeddable":true,"href":"https:\/\/krankenhauspfarramt.de\/index.php\/wp-json\/wp\/v2\/comments?post=9100"}],"version-history":[{"count":1,"href":"https:\/\/krankenhauspfarramt.de\/index.php\/wp-json\/wp\/v2\/posts\/9100\/revisions"}],"predecessor-version":[{"id":9102,"href":"https:\/\/krankenhauspfarramt.de\/index.php\/wp-json\/wp\/v2\/posts\/9100\/revisions\/9102"}],"wp:featuredmedia":[{"embeddable":true,"href":"https:\/\/krankenhauspfarramt.de\/index.php\/wp-json\/wp\/v2\/media\/9101"}],"wp:attachment":[{"href":"https:\/\/krankenhauspfarramt.de\/index.php\/wp-json\/wp\/v2\/media?parent=9100"}],"wp:term":[{"taxonomy":"category","embeddable":true,"href":"https:\/\/krankenhauspfarramt.de\/index.php\/wp-json\/wp\/v2\/categories?post=9100"},{"taxonomy":"post_tag","embeddable":true,"href":"https:\/\/krankenhauspfarramt.de\/index.php\/wp-json\/wp\/v2\/tags?post=9100"}],"curies":[{"name":"wp","href":"https:\/\/api.w.org\/{rel}","templated":true}]}}