{"id":9103,"date":"2026-03-12T00:23:19","date_gmt":"2026-03-12T00:23:19","guid":{"rendered":"https:\/\/krankenhauspfarramt.de\/index.php\/2026\/03\/12\/lichtraum-petri-kirche-ekd\/"},"modified":"2026-03-12T00:23:21","modified_gmt":"2026-03-12T00:23:21","slug":"lichtraum-petri-kirche-ekd","status":"publish","type":"post","link":"https:\/\/krankenhauspfarramt.de\/index.php\/2026\/03\/12\/lichtraum-petri-kirche-ekd\/","title":{"rendered":"LichtRaum Petri-Kirche \u2013 EKD"},"content":{"rendered":"<p> <br \/>\n<\/p>\n<div id=\"\">\n<p>Die Petri-Kirche Herford wird zu einem dauerhaften Ausstellungsort f\u00fcr digitale, immersive Kunstformate mit theologischer Ausrichtung weiterentwickelt. Projektionen,\u00a0Videomapping\u00a0und digitale Animationen verbinden biblische Themen mit Musik, Architektur und Raum zu einem vielschichtigen Erlebnis. So entsteht ein neuer Zugang zu Glaubensfragen, der \u00e4sthetische Erfahrung und spirituelle Vertiefung zusammenf\u00fchrt.\u00a0<\/p>\n<p>Ziel ist es, kirchliche R\u00e4ume neu erlebbar zu machen und Kirche in der Region sichtbar zu positionieren. Zur ersten Ausstellung werden rund 6.000 Besucherinnen und Besucher sowie zahlreiche Schulklassen erwartet, erg\u00e4nzt durch Konzerte und Predigtreihen. Perspektivisch sind zwei Ausstellungen pro Jahr geplant. Die Petrikirche etabliert sich damit als Ort f\u00fcr kulturelle, p\u00e4dagogische und geistliche Impulse und setzt ein Zeichen f\u00fcr den digitalen Wandel im kirchlichen Raum. Das Projekt wird von mehreren kirchlichen und \u00f6ffentlichen Stellen sowie durch weitere F\u00f6rdermittel unterst\u00fctzt.\u00a0<\/p>\n<p>Das Projekt wird mit\u00a0bis zu\u00a050.000\u00a0Euro vom Digitalinnovationsfonds gef\u00f6rdert.<\/p>\n<\/div>\n","protected":false},"excerpt":{"rendered":"<p>Die Petri-Kirche Herford wird zu einem dauerhaften Ausstellungsort f\u00fcr digitale, immersive Kunstformate mit theologischer Ausrichtung weiterentwickelt. Projektionen,\u00a0Videomapping\u00a0und digitale Animationen verbinden<\/p>\n","protected":false},"author":2,"featured_media":9104,"comment_status":"closed","ping_status":"closed","sticky":false,"template":"","format":"standard","meta":{"footnotes":""},"categories":[20],"tags":[],"_links":{"self":[{"href":"https:\/\/krankenhauspfarramt.de\/index.php\/wp-json\/wp\/v2\/posts\/9103"}],"collection":[{"href":"https:\/\/krankenhauspfarramt.de\/index.php\/wp-json\/wp\/v2\/posts"}],"about":[{"href":"https:\/\/krankenhauspfarramt.de\/index.php\/wp-json\/wp\/v2\/types\/post"}],"author":[{"embeddable":true,"href":"https:\/\/krankenhauspfarramt.de\/index.php\/wp-json\/wp\/v2\/users\/2"}],"replies":[{"embeddable":true,"href":"https:\/\/krankenhauspfarramt.de\/index.php\/wp-json\/wp\/v2\/comments?post=9103"}],"version-history":[{"count":1,"href":"https:\/\/krankenhauspfarramt.de\/index.php\/wp-json\/wp\/v2\/posts\/9103\/revisions"}],"predecessor-version":[{"id":9105,"href":"https:\/\/krankenhauspfarramt.de\/index.php\/wp-json\/wp\/v2\/posts\/9103\/revisions\/9105"}],"wp:featuredmedia":[{"embeddable":true,"href":"https:\/\/krankenhauspfarramt.de\/index.php\/wp-json\/wp\/v2\/media\/9104"}],"wp:attachment":[{"href":"https:\/\/krankenhauspfarramt.de\/index.php\/wp-json\/wp\/v2\/media?parent=9103"}],"wp:term":[{"taxonomy":"category","embeddable":true,"href":"https:\/\/krankenhauspfarramt.de\/index.php\/wp-json\/wp\/v2\/categories?post=9103"},{"taxonomy":"post_tag","embeddable":true,"href":"https:\/\/krankenhauspfarramt.de\/index.php\/wp-json\/wp\/v2\/tags?post=9103"}],"curies":[{"name":"wp","href":"https:\/\/api.w.org\/{rel}","templated":true}]}}