{"id":9211,"date":"2026-04-26T11:10:07","date_gmt":"2026-04-26T11:10:07","guid":{"rendered":"https:\/\/krankenhauspfarramt.de\/index.php\/2026\/04\/26\/union-evangelischer-kirchen-verleiht-karl-barth-preis-an-professor-dr-eberhard-busch-ekd\/"},"modified":"2026-04-26T11:10:08","modified_gmt":"2026-04-26T11:10:08","slug":"union-evangelischer-kirchen-verleiht-karl-barth-preis-an-professor-dr-eberhard-busch-ekd","status":"publish","type":"post","link":"https:\/\/krankenhauspfarramt.de\/index.php\/2026\/04\/26\/union-evangelischer-kirchen-verleiht-karl-barth-preis-an-professor-dr-eberhard-busch-ekd\/","title":{"rendered":"Union Evangelischer Kirchen verleiht Karl Barth Preis an Professor Dr. Eberhard Busch \u2013 EKD"},"content":{"rendered":"<p> <br \/>\n<\/p>\n<div id=\"\">\n<div class=\"article--meta article--meta__border clearfix\">\n<p>                                    <time datetime=\"26.04.2026 11:00\" class=\"article--time\">26.04.2026<\/time><\/p>\n<p>                                     <strong class=\"article--type primus--overline\">Pressemitteilung<\/strong><\/p>\n<picture class=\"article--source-image image\"><source srcset=\"https:\/\/www.ekd.de\/ekd_de\/ds_img\/assets\/uek.gif\"><!--<source srcset=\"\/ekd_de\/ds_img\/assets\/uek_rdax_141x106.gif 1x, https:\/\/www.ekd.de\/ekd_de\/ds_img\/assets\/uek.gif 2x, https:\/\/www.ekd.de\/ekd_de\/ds_img\/assets\/uek.gif 3x\">--><\/p>\n<p>    <\/source><\/picture>\n<\/p><\/div><\/div>\n<div id=\"\">\n<p>Hannover\/G\u00f6ttingen (26. April 2026). Die Union Evangelischer Kirchen in der Evangelischen Kirche in Deutschland (UEK) hat den Karl\u2011Barth\u2011Preis an Professor em. Dr. Dr. h.\u202fc. Dr. h.\u202fc. Eberhard Busch, G\u00f6ttingen, verliehen. Die feierliche Preisverleihung fand in der Evangelisch-Reformierten Gemeinde G\u00f6ttingen statt und wurde durch einen Gottesdienst er\u00f6ffnet.<\/p>\n<p>Mit der Auszeichnung w\u00fcrdigt die UEK das theologische Lebenswerk Eberhard Buschs, das seit Jahrzehnten die Erforschung und das Verst\u00e4ndnis von Leben und Theologie Karl Barths ma\u00dfgeblich gepr\u00e4gt hat. Busch gilt international als einer der bedeutendsten Barth\u2011Forscher und hat durch seine wissenschaftliche, editorische und kirchliche Arbeit Generationen von Theologinnen und Theologen beeinflusst.<\/p>\n<p>Die Laudatio hielt Professor Dr. Georg Plasger, der die Bedeutung des Preistr\u00e4gers hervorhob: \u201eEberhard Busch hat die Theologie Karl Barths nicht nur erforscht, sondern sie \u00fcber Generationen hinweg lebendig weitergegeben.\u201c<\/p>\n<p>\u201eKarl Barth war kein Lehrer auf Distanz\u201c, sagte Eberhard Busch in seiner Dankesrede und verwies auf die pers\u00f6nliche N\u00e4he und das gemeinsame Leben und Arbeiten, durch die Barth f\u00fcr ihn nicht nur theologischer Lehrer, sondern pr\u00e4gende Begegnung geworden sei.<\/p>\n<p>Die Vorsitzende der UEK Kirchenpr\u00e4sidentin Dorothee W\u00fcst dankte Eberhard Busch f\u00fcr ein theologisches Wirken, das sich durch Lernbereitschaft, Gespr\u00e4chsoffenheit und Erneuerungskraft auszeichne.<\/p>\n<p>Der Karl\u2011Barth\u2011Preis wurde 1986 anl\u00e4sslich des 100. Geburtstags Karl Barths eingerichtet. Er wird alle zwei Jahre vergeben und ist mit 10.000 Euro dotiert. Mit ihm ehrt die UEK Pers\u00f6nlichkeiten, deren Werk oder Wirken durch die Theologie Karl Barths inspiriert ist und die diese in besonderer Weise f\u00fcr Kirche und \u00d6ffentlichkeit fruchtbar machen.<\/p>\n<\/div>\n","protected":false},"excerpt":{"rendered":"<p>26.04.2026 Pressemitteilung Hannover\/G\u00f6ttingen (26. April 2026). Die Union Evangelischer Kirchen in der Evangelischen Kirche in Deutschland (UEK) hat den Karl\u2011Barth\u2011Preis<\/p>\n","protected":false},"author":2,"featured_media":8760,"comment_status":"closed","ping_status":"closed","sticky":false,"template":"","format":"standard","meta":{"footnotes":""},"categories":[20],"tags":[],"_links":{"self":[{"href":"https:\/\/krankenhauspfarramt.de\/index.php\/wp-json\/wp\/v2\/posts\/9211"}],"collection":[{"href":"https:\/\/krankenhauspfarramt.de\/index.php\/wp-json\/wp\/v2\/posts"}],"about":[{"href":"https:\/\/krankenhauspfarramt.de\/index.php\/wp-json\/wp\/v2\/types\/post"}],"author":[{"embeddable":true,"href":"https:\/\/krankenhauspfarramt.de\/index.php\/wp-json\/wp\/v2\/users\/2"}],"replies":[{"embeddable":true,"href":"https:\/\/krankenhauspfarramt.de\/index.php\/wp-json\/wp\/v2\/comments?post=9211"}],"version-history":[{"count":1,"href":"https:\/\/krankenhauspfarramt.de\/index.php\/wp-json\/wp\/v2\/posts\/9211\/revisions"}],"predecessor-version":[{"id":9212,"href":"https:\/\/krankenhauspfarramt.de\/index.php\/wp-json\/wp\/v2\/posts\/9211\/revisions\/9212"}],"wp:featuredmedia":[{"embeddable":true,"href":"https:\/\/krankenhauspfarramt.de\/index.php\/wp-json\/wp\/v2\/media\/8760"}],"wp:attachment":[{"href":"https:\/\/krankenhauspfarramt.de\/index.php\/wp-json\/wp\/v2\/media?parent=9211"}],"wp:term":[{"taxonomy":"category","embeddable":true,"href":"https:\/\/krankenhauspfarramt.de\/index.php\/wp-json\/wp\/v2\/categories?post=9211"},{"taxonomy":"post_tag","embeddable":true,"href":"https:\/\/krankenhauspfarramt.de\/index.php\/wp-json\/wp\/v2\/tags?post=9211"}],"curies":[{"name":"wp","href":"https:\/\/api.w.org\/{rel}","templated":true}]}}