{"id":9213,"date":"2026-04-27T09:47:33","date_gmt":"2026-04-27T09:47:33","guid":{"rendered":"https:\/\/krankenhauspfarramt.de\/index.php\/2026\/04\/27\/mal-dir-den-himmel-aus-ekd\/"},"modified":"2026-04-27T09:47:34","modified_gmt":"2026-04-27T09:47:34","slug":"mal-dir-den-himmel-aus-ekd","status":"publish","type":"post","link":"https:\/\/krankenhauspfarramt.de\/index.php\/2026\/04\/27\/mal-dir-den-himmel-aus-ekd\/","title":{"rendered":"Mal dir den Himmel aus! \u2013 EKD"},"content":{"rendered":"<p> <br \/>\n<\/p>\n<div id=\"\">\n<p>Hannover (27. April 2026). Am 27. April 2026 wird die Homepage \u201eAteliers des Glaubens\u201c (ateliers-des-glaubens.de) freigeschaltet. Die neue Website, die die Berliner Zukunftswerkstatt midi im Auftrag der Evangelischen Kirche in Deutschland (EKD) gemeinsam mit f\u00fcnf Landeskirchen entwickelt hat, l\u00e4dt ein, mit Menschen \u00fcber das zu reden, was wirklich wichtig ist \u2013\u00a0zum Beispiel den christlichen Glauben.<\/p>\n<p>Da es f\u00fcr viele Menschen nicht mehr selbstverst\u00e4ndlich ist, \u00fcber religi\u00f6se Fragen ins Gespr\u00e4ch zu kommen, hat die Synode der EKD beschlossen, die \u201eSprachf\u00e4higkeit im Glauben\u201c zu f\u00f6rdern \u2013 unter anderem mit der Website \u201eAteliers des Glaubens\u201c, die vielf\u00e4ltige Angebote und Ideen pr\u00e4sentiert; Inspirationen, die Lust machen, sich \u00fcber Lebens- und Glaubensfragen auszutauschen.<\/p>\n<p>Neben erprobten \u201eGlaubenskursen\u201c finden Interessierte auf der Seite eine Vielzahl kreativer Materialien f\u00fcr unterschiedliche Zielgruppen und Interessensgebiete: vom biblischen \u201eWhisky-Tasting\u201c \u00fcber \u201eK\u00fcchengespr\u00e4che\u201c bis hin zum \u201eFamilien-Wimmel-Glauben-Entdecken\u201c-Buch.<\/p>\n<p>Ateliers des Glaubens bietet nicht nur eine Liste von Kursen, Formaten und Ideen f\u00fcr Neugierige und Fragende, sondern ist eine der ersten Websites im kirchlichen Raum, die KI sinnvoll und praktisch nutzt. Fragen k\u00f6nnen frei formuliert werden und ein von k\u00fcnstlicher Intelligenz getriebener Assistent macht daraus in wenigen Augenblicken gezielte Empfehlungen, die in ihrer Pr\u00e4zision weit \u00fcber die klassischen M\u00f6glichkeiten der Filterung von Listen hinausgehen.<\/p>\n<p>Svenja Neumann, die f\u00fcr das Projekt verantwortliche Referentin bei midi, ist \u00fcberzeugt: \u201eBei den vielen Strukturver\u00e4nderungen in der Kirche gibt es gerade eine gro\u00dfe Sehnsucht, wieder st\u00e4rker inhaltlich zu arbeiten.\u201c Also: Nicht nur \u00fcber Finanzen und Geb\u00e4ude zu reden, sondern \u00fcber das, was seit 2000 Jahren Glaubende dazu treibt, dem Himmel auf Erden nachzusp\u00fcren. Zugleich l\u00f6st die neue Website das \u00e4ltere Konzept \u201eKurse-zum-Glauben\u201c ab.<\/p>\n<p>Zielgruppe der \u201eAteliers des Glaubens\u201c sind Menschen, die gemeinsam mit anderen und f\u00fcr andere Gespr\u00e4chsangebote machen wollen. Deshalb bietet die Seite auch umfangreiche FAQs zur konkreten Planung, Organisation und Durchf\u00fchrung der vorgestellten Konzepte an. \u201eAll das ist\u201c, so Fabian Vogt, Referent bei midi und Mitentwickler der Website, \u201eeine Einladung, am sch\u00f6nsten Kunstwerk der Welt zu arbeiten: dem Menschen.\u201c<\/p>\n<p><strong>Kontakt:<\/strong> Svenja Neumann svenja.neumann@mi-di.de und Fabian Vogt fabian.vogt@mi-di.de<\/p>\n<p>Pressestelle der EKD<\/p>\n<\/div>\n","protected":false},"excerpt":{"rendered":"<p>Hannover (27. April 2026). Am 27. April 2026 wird die Homepage \u201eAteliers des Glaubens\u201c (ateliers-des-glaubens.de) freigeschaltet. Die neue Website, die<\/p>\n","protected":false},"author":2,"featured_media":9214,"comment_status":"closed","ping_status":"closed","sticky":false,"template":"","format":"standard","meta":{"footnotes":""},"categories":[20],"tags":[],"_links":{"self":[{"href":"https:\/\/krankenhauspfarramt.de\/index.php\/wp-json\/wp\/v2\/posts\/9213"}],"collection":[{"href":"https:\/\/krankenhauspfarramt.de\/index.php\/wp-json\/wp\/v2\/posts"}],"about":[{"href":"https:\/\/krankenhauspfarramt.de\/index.php\/wp-json\/wp\/v2\/types\/post"}],"author":[{"embeddable":true,"href":"https:\/\/krankenhauspfarramt.de\/index.php\/wp-json\/wp\/v2\/users\/2"}],"replies":[{"embeddable":true,"href":"https:\/\/krankenhauspfarramt.de\/index.php\/wp-json\/wp\/v2\/comments?post=9213"}],"version-history":[{"count":1,"href":"https:\/\/krankenhauspfarramt.de\/index.php\/wp-json\/wp\/v2\/posts\/9213\/revisions"}],"predecessor-version":[{"id":9215,"href":"https:\/\/krankenhauspfarramt.de\/index.php\/wp-json\/wp\/v2\/posts\/9213\/revisions\/9215"}],"wp:featuredmedia":[{"embeddable":true,"href":"https:\/\/krankenhauspfarramt.de\/index.php\/wp-json\/wp\/v2\/media\/9214"}],"wp:attachment":[{"href":"https:\/\/krankenhauspfarramt.de\/index.php\/wp-json\/wp\/v2\/media?parent=9213"}],"wp:term":[{"taxonomy":"category","embeddable":true,"href":"https:\/\/krankenhauspfarramt.de\/index.php\/wp-json\/wp\/v2\/categories?post=9213"},{"taxonomy":"post_tag","embeddable":true,"href":"https:\/\/krankenhauspfarramt.de\/index.php\/wp-json\/wp\/v2\/tags?post=9213"}],"curies":[{"name":"wp","href":"https:\/\/api.w.org\/{rel}","templated":true}]}}