{"id":9216,"date":"2026-04-27T11:25:31","date_gmt":"2026-04-27T11:25:31","guid":{"rendered":"https:\/\/krankenhauspfarramt.de\/index.php\/2026\/04\/27\/demokratie-ist-nicht-mehr-selbstverstaendlich-ekd\/"},"modified":"2026-04-27T11:25:32","modified_gmt":"2026-04-27T11:25:32","slug":"demokratie-ist-nicht-mehr-selbstverstaendlich-ekd","status":"publish","type":"post","link":"https:\/\/krankenhauspfarramt.de\/index.php\/2026\/04\/27\/demokratie-ist-nicht-mehr-selbstverstaendlich-ekd\/","title":{"rendered":"\u201eDemokratie ist nicht mehr selbstverst\u00e4ndlich\u201c \u2013 EKD"},"content":{"rendered":"<p> <br \/>\n<\/p>\n<div id=\"\">\n<div class=\"article--meta article--meta__border clearfix\">\n<p>                                    <time datetime=\"27.04.2026 10:00\" class=\"article--time\">27.04.2026<\/time><\/p>\n<p>                                     <strong class=\"article--type primus--overline\">Pressemitteilung<\/strong><\/p>\n<picture class=\"article--source-image image\"><source srcset=\"https:\/\/www.ekd.de\/ekd_de\/ds_img\/assets\/velkd.jpg\"><!--<source srcset=\"\/ekd_de\/ds_img\/assets\/velkd_rdax_141x141s.jpg 1x, \/ekd_de\/ds_img\/assets\/velkd_rdax_282x282s.jpg 2x, https:\/\/www.ekd.de\/ekd_de\/ds_img\/assets\/velkd.jpg 3x\">--><\/p>\n<p>    <\/source><\/picture>\n<\/p><\/div>\n<h2 class=\"article--sub-headline primus--sub-headline\">VELKD ver\u00f6ffentlicht Grundsatztext zum Verh\u00e4ltnis von Christentum und Demokratie<\/h2>\n<\/p><\/div>\n<div id=\"\">\n<p>Im Vorfeld des 77.\u00a0Geburtstags des Grundgesetzes am 23.\u00a0Mai hat die Vereinigte Evangelisch-Lutherische Kirche Deutschlands (VELKD) einen Grundsatztext zur Demokratie vorgestellt. Unter dem Titel \u201eGut begr\u00fcndet\u00a0\u2013 Ein Wort der lutherischen Kirchen zur Demokratie\u201c leistet sie einen theologischen und gesellschaftspolitischen Beitrag zur aktuellen Debatte \u00fcber den Wert und die Sicherung von Freiheit, Recht und demokratischer Ordnung.<\/p>\n<p>\u201eDie Demokratie ist mehr denn je nicht mehr selbstverst\u00e4ndlich\u201c, sagt der Leitende Bischof der VELKD, Landesbischof Ralf Meister. \u201eDie Universalit\u00e4t der Menschenrechte wird von zahlreichen Akteuren in Frage gestellt oder gleich verleugnet. Demokratie ist nicht perfekt, aber sie ist die bislang beste Staatsform, weil sie Gerechtigkeit, Freiheit und einen friedlichen Interessenausgleich erm\u00f6glicht. Unser Text zeigt, wie die Voraussetzungen daf\u00fcr eng mit dem christlichen Menschenbild zusammenh\u00e4ngen. Wir m\u00f6chten damit in einem Jahr, in dem autorit\u00e4re Machtpolitik unsere Freiheit von au\u00dfen und innen bedroht, ein klares Zeichen setzen. Die historische Tatsache, dass die Kirchen in der Vergangenheit bei solchen Bedrohungslagen versagt haben, verpflichtet uns dazu umso mehr.\u201c<\/p>\n<p>Der Text macht deutlich, dass Demokratie eine historisch errungene und stets neu zu gestaltende Lebensform ist. Aus evangelischer Perspektive ist sie die politische Ordnung, die der W\u00fcrde, Freiheit und Verantwortung des Menschen in besonderer Weise entspricht. Zugleich benennt der Text auch Herausforderungen wie Vertrauensverluste, gesellschaftliche Polarisierung und den wachsenden Einfluss autorit\u00e4rer Str\u00f6mungen und ermutigt dazu, demokratische Prozesse aktiv mitzugestalten und Verantwortung im Gemeinwesen zu \u00fcbernehmen.<\/p>\n<p>Der Text ist ab sofort auf der Website der VELKD kostenlos als Download verf\u00fcgbar.<\/p>\n<p>Hannover, 27. April 2026<\/p>\n<p>Pressestelle der VELKD<br \/>Frank Hofmann<br \/>Pressesprecher<\/p>\n<\/div>\n","protected":false},"excerpt":{"rendered":"<p>27.04.2026 Pressemitteilung VELKD ver\u00f6ffentlicht Grundsatztext zum Verh\u00e4ltnis von Christentum und Demokratie Im Vorfeld des 77.\u00a0Geburtstags des Grundgesetzes am 23.\u00a0Mai hat<\/p>\n","protected":false},"author":2,"featured_media":8760,"comment_status":"closed","ping_status":"closed","sticky":false,"template":"","format":"standard","meta":{"footnotes":""},"categories":[20],"tags":[],"_links":{"self":[{"href":"https:\/\/krankenhauspfarramt.de\/index.php\/wp-json\/wp\/v2\/posts\/9216"}],"collection":[{"href":"https:\/\/krankenhauspfarramt.de\/index.php\/wp-json\/wp\/v2\/posts"}],"about":[{"href":"https:\/\/krankenhauspfarramt.de\/index.php\/wp-json\/wp\/v2\/types\/post"}],"author":[{"embeddable":true,"href":"https:\/\/krankenhauspfarramt.de\/index.php\/wp-json\/wp\/v2\/users\/2"}],"replies":[{"embeddable":true,"href":"https:\/\/krankenhauspfarramt.de\/index.php\/wp-json\/wp\/v2\/comments?post=9216"}],"version-history":[{"count":1,"href":"https:\/\/krankenhauspfarramt.de\/index.php\/wp-json\/wp\/v2\/posts\/9216\/revisions"}],"predecessor-version":[{"id":9217,"href":"https:\/\/krankenhauspfarramt.de\/index.php\/wp-json\/wp\/v2\/posts\/9216\/revisions\/9217"}],"wp:featuredmedia":[{"embeddable":true,"href":"https:\/\/krankenhauspfarramt.de\/index.php\/wp-json\/wp\/v2\/media\/8760"}],"wp:attachment":[{"href":"https:\/\/krankenhauspfarramt.de\/index.php\/wp-json\/wp\/v2\/media?parent=9216"}],"wp:term":[{"taxonomy":"category","embeddable":true,"href":"https:\/\/krankenhauspfarramt.de\/index.php\/wp-json\/wp\/v2\/categories?post=9216"},{"taxonomy":"post_tag","embeddable":true,"href":"https:\/\/krankenhauspfarramt.de\/index.php\/wp-json\/wp\/v2\/tags?post=9216"}],"curies":[{"name":"wp","href":"https:\/\/api.w.org\/{rel}","templated":true}]}}