{"id":9224,"date":"2026-04-29T14:14:35","date_gmt":"2026-04-29T14:14:35","guid":{"rendered":"https:\/\/krankenhauspfarramt.de\/index.php\/2026\/04\/29\/leitender-bischof-der-velkd-demokratie-ist-nicht-mehr-selbstverstaendlich-ekd\/"},"modified":"2026-04-29T14:14:36","modified_gmt":"2026-04-29T14:14:36","slug":"leitender-bischof-der-velkd-demokratie-ist-nicht-mehr-selbstverstaendlich-ekd","status":"publish","type":"post","link":"https:\/\/krankenhauspfarramt.de\/index.php\/2026\/04\/29\/leitender-bischof-der-velkd-demokratie-ist-nicht-mehr-selbstverstaendlich-ekd\/","title":{"rendered":"Leitender Bischof der VELKD: Demokratie ist nicht mehr selbstverst\u00e4ndlich \u2013 EKD"},"content":{"rendered":"<p> <br \/>\n<\/p>\n<div>\n<h3>Kirchen f\u00fchlen sich Demokratie verpflichtet<\/h3>\n<p>\u201eWir m\u00f6chten damit in einem Jahr, in dem autorit\u00e4re Machtpolitik unsere Freiheit von au\u00dfen und innen bedroht, ein klares Zeichen setzen\u201c, f\u00fcgte Meister hinzu: \u201eDie historische Tatsache, dass die Kirchen in der Vergangenheit bei solchen Bedrohungslagen versagt haben, verpflichtet uns dazu umso mehr.\u201c<\/p>\n<p>Der Text mache deutlich, dass Demokratie eine stets neu zu gestaltende Lebensform ist. Der Text wolle dazu ermutigen, demokratische Prozesse aktiv mitzugestalten und Verantwortung im Gemeinwesen zu \u00fcbernehmen. Die Vereinigte Evangelisch-Lutherische Kirche Deutschlands (VELKD) wurde 1948 gegr\u00fcndet und ist ein Zusammenschluss von sieben Landeskirchen der Evangelischen Kirche in Deutschland (EKD) mit \u00fcber sieben Millionen Christen.<\/p>\n<\/p><\/div>\n","protected":false},"excerpt":{"rendered":"<p>Kirchen f\u00fchlen sich Demokratie verpflichtet \u201eWir m\u00f6chten damit in einem Jahr, in dem autorit\u00e4re Machtpolitik unsere Freiheit von au\u00dfen und<\/p>\n","protected":false},"author":2,"featured_media":8037,"comment_status":"closed","ping_status":"closed","sticky":false,"template":"","format":"standard","meta":{"footnotes":""},"categories":[20],"tags":[],"_links":{"self":[{"href":"https:\/\/krankenhauspfarramt.de\/index.php\/wp-json\/wp\/v2\/posts\/9224"}],"collection":[{"href":"https:\/\/krankenhauspfarramt.de\/index.php\/wp-json\/wp\/v2\/posts"}],"about":[{"href":"https:\/\/krankenhauspfarramt.de\/index.php\/wp-json\/wp\/v2\/types\/post"}],"author":[{"embeddable":true,"href":"https:\/\/krankenhauspfarramt.de\/index.php\/wp-json\/wp\/v2\/users\/2"}],"replies":[{"embeddable":true,"href":"https:\/\/krankenhauspfarramt.de\/index.php\/wp-json\/wp\/v2\/comments?post=9224"}],"version-history":[{"count":1,"href":"https:\/\/krankenhauspfarramt.de\/index.php\/wp-json\/wp\/v2\/posts\/9224\/revisions"}],"predecessor-version":[{"id":9225,"href":"https:\/\/krankenhauspfarramt.de\/index.php\/wp-json\/wp\/v2\/posts\/9224\/revisions\/9225"}],"wp:featuredmedia":[{"embeddable":true,"href":"https:\/\/krankenhauspfarramt.de\/index.php\/wp-json\/wp\/v2\/media\/8037"}],"wp:attachment":[{"href":"https:\/\/krankenhauspfarramt.de\/index.php\/wp-json\/wp\/v2\/media?parent=9224"}],"wp:term":[{"taxonomy":"category","embeddable":true,"href":"https:\/\/krankenhauspfarramt.de\/index.php\/wp-json\/wp\/v2\/categories?post=9224"},{"taxonomy":"post_tag","embeddable":true,"href":"https:\/\/krankenhauspfarramt.de\/index.php\/wp-json\/wp\/v2\/tags?post=9224"}],"curies":[{"name":"wp","href":"https:\/\/api.w.org\/{rel}","templated":true}]}}