{"id":9226,"date":"2026-04-29T19:49:23","date_gmt":"2026-04-29T19:49:23","guid":{"rendered":"https:\/\/krankenhauspfarramt.de\/index.php\/2026\/04\/29\/bischoefin-fehrs-zum-freikirchen-jubilaeum-klare-haltung-verdient-respekt-ekd\/"},"modified":"2026-04-29T19:49:27","modified_gmt":"2026-04-29T19:49:27","slug":"bischoefin-fehrs-zum-freikirchen-jubilaeum-klare-haltung-verdient-respekt-ekd","status":"publish","type":"post","link":"https:\/\/krankenhauspfarramt.de\/index.php\/2026\/04\/29\/bischoefin-fehrs-zum-freikirchen-jubilaeum-klare-haltung-verdient-respekt-ekd\/","title":{"rendered":"Bisch\u00f6fin Fehrs zum Freikirchen-Jubil\u00e4um: \u201eKlare Haltung verdient Respekt\u201c \u2013 EKD"},"content":{"rendered":"<p> <br \/>\n<\/p>\n<div id=\"\">\n<div class=\"article--meta article--meta__border clearfix\">\n<p>                                    <time datetime=\"29.04.2026 18:00\" class=\"article--time\">29.04.2026<\/time><\/p>\n<p>                                     <strong class=\"article--type primus--overline\">Pressemitteilung<\/strong><\/p>\n<picture class=\"article--source-image image\"><source srcset=\"https:\/\/www.ekd.de\/ekd_de\/ds_img\/assets\/20170622_ekd-Quellenlogo_300.jpg\"><!--<source srcset=\"\/ekd_de\/ds_img\/assets\/20170622_ekd-Quellenlogo_300_rdax_141x39s.jpg 1x, \/ekd_de\/ds_img\/assets\/20170622_ekd-Quellenlogo_300_rdax_282x78s.jpg 2x, https:\/\/www.ekd.de\/ekd_de\/ds_img\/assets\/20170622_ekd-Quellenlogo_300.jpg 3x\">--><\/p>\n<p>    <\/source><\/picture>\n<\/p><\/div><\/div>\n<div id=\"\">\n<ul>\n<li>Festveranstaltung zum 100-j\u00e4hrigen Bestehen der VEF<\/li>\n<li>Ratsvorsitzende \u00fcberbringt Gl\u00fcckw\u00fcnsche der EKD<\/li>\n<li>Fehrs: \u00d6kumenische Verbundenheit mit Freikirchen gewachsen<\/li>\n<\/ul>\n<p>Hannover (29. April 2026). Zum 100-j\u00e4hrigen Bestehen der Vereinigung Evangelischer Freikirchen (VEF) hat die Ratsvorsitzende der Evangelischen Kirche in Deutschland (EKD), Bisch\u00f6fin Kirsten Fehrs, die enge Zusammenarbeit der Kirchen betont und ein klares gemeinsames Eintreten f\u00fcr gesellschaftlichen Zusammenhalt und gegen politische Spaltungsversuche hervorgehoben. Bei der Festveranstaltung am 29.\u00a0April in der Lukas-Gemeinde in Berlin \u00fcberbringt sie die Gl\u00fcckw\u00fcnsche der EKD.<\/p>\n<p>\u201eGerade in Zeiten politischer Spannungen und gesellschaftlicher Verunsicherung ist es ein starkes Zeichen, dass Freikirchen und Landeskirchen gemeinsam aus dem christlichen Glauben heraus f\u00fcr\u00a0N\u00e4chstenliebe, Menschenw\u00fcrde, Zusammenhalt und Demokratie eintreten\u201c, sagt Bisch\u00f6fin Fehrs. Zugleich erinnert sie an die klare Haltung der Freikirchen gegen politische Vereinnahmung: \u201eWer versucht, einen Keil zwischen unsere Kirchen zu treiben, scheitert an unserer gelebten Geschwisterlichkeit. F\u00fcr diese immer wieder \u00f6ffentlich sichtbare Haltung bin ich den Freikirchen sehr dankbar\u201c, so Bisch\u00f6fin Kirsten Fehrs.<\/p>\n<p>Zugleich unterstreicht die Ratsvorsitzende in ihrem Gru\u00dfwort die gewachsene \u00f6kumenische Verbundenheit: \u201eIn allen gro\u00dfen Fragen k\u00f6nnen wir gemeinsam sagen, dass das, was uns verbindet, ungleich bedeutender ist als das noch verbliebene Trennende.\u201c Verbindend wirke dabei nicht zuletzt die geistliche Dimension des Engagements der Freikirchen: \u201eNeugierig und mit weitem Herzen. Um n\u00e4mlich genau inmitten dieser verwundeten Welt Gottes unendliche Liebe sichtbar zu machen, um Lebensfreude zu schenken und Hoffnung, Segenskraft und Gospel-Evangelium. Das ist euer Friedensdienst von allem Anfang an: Gottvertrauen zu wecken, allemal in Zeiten der Verlorenheit, die viele Menschen auch derzeit empfinden.\u201c<\/p>\n<p>Die EKD und die in der VEF zusammengeschlossenen Freikirchen verbindet eine lange Geschichte der Zusammenarbeit, etwa im Evangelischen Werk f\u00fcr Diakonie und Entwicklung. Diese Partnerschaft habe in den vergangenen Jahrzehnten deutlich an Tiefe gewonnen. Zum Jubil\u00e4um w\u00fcnscht die Ratsvorsitzende der VEF von Herzen Gottes Segen: \u201eGott erhalte dich in deiner bunten Vielfalt, deiner selbstbewussten Geschwisterlichkeit und deiner herzlichen Freundschaft.\u201c<\/p>\n<p>Hintergrund: Die VEF wurde 1926 von vier Freikirchen gegr\u00fcndet und vereint heute 15 Mitgliedskirchen mit rund 300.000 Mitgliedern. 2024 hatten EKD und VEF eine gemeinsame Erkl\u00e4rung \u00fcber eine vertiefte Predigtgemeinschaft unterzeichnet, die zum gegenseitigen Kanzeltausch einl\u00e4dt. Ein Livestream zur Festveranstaltung ist unter 100 Jahre Vereinigung Evangelischer Freikirchen &#8211; YouTube eingerichtet.<\/p>\n<p>Pressestelle der EKD<br \/>Carsten Splitt<\/p>\n<\/div>\n","protected":false},"excerpt":{"rendered":"<p>29.04.2026 Pressemitteilung Festveranstaltung zum 100-j\u00e4hrigen Bestehen der VEF Ratsvorsitzende \u00fcberbringt Gl\u00fcckw\u00fcnsche der EKD Fehrs: \u00d6kumenische Verbundenheit mit Freikirchen gewachsen Hannover<\/p>\n","protected":false},"author":2,"featured_media":9227,"comment_status":"closed","ping_status":"closed","sticky":false,"template":"","format":"standard","meta":{"footnotes":""},"categories":[20],"tags":[],"_links":{"self":[{"href":"https:\/\/krankenhauspfarramt.de\/index.php\/wp-json\/wp\/v2\/posts\/9226"}],"collection":[{"href":"https:\/\/krankenhauspfarramt.de\/index.php\/wp-json\/wp\/v2\/posts"}],"about":[{"href":"https:\/\/krankenhauspfarramt.de\/index.php\/wp-json\/wp\/v2\/types\/post"}],"author":[{"embeddable":true,"href":"https:\/\/krankenhauspfarramt.de\/index.php\/wp-json\/wp\/v2\/users\/2"}],"replies":[{"embeddable":true,"href":"https:\/\/krankenhauspfarramt.de\/index.php\/wp-json\/wp\/v2\/comments?post=9226"}],"version-history":[{"count":1,"href":"https:\/\/krankenhauspfarramt.de\/index.php\/wp-json\/wp\/v2\/posts\/9226\/revisions"}],"predecessor-version":[{"id":9228,"href":"https:\/\/krankenhauspfarramt.de\/index.php\/wp-json\/wp\/v2\/posts\/9226\/revisions\/9228"}],"wp:featuredmedia":[{"embeddable":true,"href":"https:\/\/krankenhauspfarramt.de\/index.php\/wp-json\/wp\/v2\/media\/9227"}],"wp:attachment":[{"href":"https:\/\/krankenhauspfarramt.de\/index.php\/wp-json\/wp\/v2\/media?parent=9226"}],"wp:term":[{"taxonomy":"category","embeddable":true,"href":"https:\/\/krankenhauspfarramt.de\/index.php\/wp-json\/wp\/v2\/categories?post=9226"},{"taxonomy":"post_tag","embeddable":true,"href":"https:\/\/krankenhauspfarramt.de\/index.php\/wp-json\/wp\/v2\/tags?post=9226"}],"curies":[{"name":"wp","href":"https:\/\/api.w.org\/{rel}","templated":true}]}}